{"id":7482,"date":"2020-07-23T10:56:39","date_gmt":"2020-07-23T08:56:39","guid":{"rendered":"http:\/\/davidp166.sg-host.com\/noticias\/sense-categoria\/ja-no-es-poden-transferir-dades-personals-a-estats-units-consequencies-de-la-invalidacio-del-privacy-shield"},"modified":"2021-05-06T09:09:48","modified_gmt":"2021-05-06T07:09:48","slug":"ja-no-es-poden-transferir-dades-personals-a-estats-units-consequencies-de-la-invalidacio-del-privacy-shield","status":"publish","type":"post","link":"https:\/\/www.pymelegal.es\/ca\/noticias\/rgpd-ca\/ja-no-es-poden-transferir-dades-personals-a-estats-units-consequencies-de-la-invalidacio-del-privacy-shield","title":{"rendered":"Ja no es poden transferir dades personals a Estats Units? Conseq\u00fc\u00e8ncies de la invalidaci\u00f3 del &#8216;privacy shield&#8217;"},"content":{"rendered":"\n<blockquote class=\"wp-block-quote is-layout-flow wp-block-quote-is-layout-flow\"><p>El Tribunal de Just\u00edcia de la Uni\u00f3 Europea (TJUE)&nbsp;ha invalidat el \u201c<strong><em>Privacy&nbsp;Shield<\/em><\/strong>\u201d, un dels <strong>acords marc clau que permetia la transfer\u00e8ncia de dades personals entre la UE i els EUA<\/strong>, arran de la Sent\u00e8ncia dictada en el cas \u2018<em>Schrems<\/em>&nbsp;contra Facebook\u2019 (assumpte C-311\/18: <a rel=\"noreferrer noopener\" href=\"http:\/\/curia.europa.eu\/juris\/document\/document.jsf?docid=228677&amp;mode=req&amp;pageIndex=1&amp;dir=&amp;occ=first&amp;part=1&amp;text=&amp;doclang=ES&amp;cid=9716324\" target=\"_blank\">EU:C:2020:559<\/a> o \u201c<em>Schrems<\/em> II).<\/p><\/blockquote>\n\n\n\n<h2 class=\"wp-block-heading\"><strong>Qu\u00e8 s\u00f3n les transfer\u00e8ncies internacionals de dades?<\/strong><\/h2>\n\n\n\n<p class=\"justificar\">De tots \u00e9s sabut que, en una economia global tan digitalitzada com l&#8217;actual, les dades personals s\u00f3n objecte de transmissi\u00f3 entre els milers d\u2019operacions mercantils que es duen a terme di\u00e0riament, no sols dins del territori de la UE sin\u00f3 que traspassa les seves fronteres, per exemple, quan es compren b\u00e9ns o es sol\u00b7liciten serveis online, a l\u2019hora d\u2019utilitzar xarxes socials, quan es contracten serveis de <em>hosting<\/em> o plataformes <em>cloud<\/em>&#8230; Com veiem, les transfer\u00e8ncies de dades entre les organitzacions s\u00f3n absolutament necess\u00e0ries i estan a l\u2019ordre del dia.<\/p>\n\n\n\n<p class=\"justificar\">No obstant aix\u00f2, la normativa de privacitat europea, que pret\u00e9n protegir els drets dels interessats, no pot ser obstacle per evitar les transfer\u00e8ncies i entorpir l&#8217;activitat econ\u00f2mica, i \u00e9s per aix\u00f2 que el propi Reglament Europeu de Protecci\u00f3 de Dades (RGPD) ha establert diversos mecanismes perqu\u00e8 aquestes transfer\u00e8ncies internacionals puguin donar-se de manera legal:<\/p>\n\n\n\n<p class=\"justificar\">&#8211; d&#8217;una banda, existeixen les <strong>Decisions de la Comissi\u00f3 Europea<\/strong>, on estableix que un destinatari de dades situat en un tercer pa\u00eds \u00e9s declarat de nivell adequat per a complir amb les exig\u00e8ncies del RGPD durant el tractament de les dades transferides (\u00e9s a dir, en usar-les, emmagatzemar-les i\/o transferir-les);<\/p>\n\n\n\n<p class=\"justificar\">&#8211; en segon lloc, i mancant aquesta decisi\u00f3, poden oferir-se una s\u00e8rie de <strong>garanties<\/strong> per a procedir a la transfer\u00e8ncia, com les cl\u00e0usules contractuals tipus, les normes corporatives vinculants (entre filials i la seva matriu, per exemple), adhesi\u00f3 a codis de conducta o mecanismes de certificaci\u00f3<\/p>\n\n\n\n<p class=\"justificar\">&#8211; i, en tercer lloc, mancant la decisi\u00f3 o les garanties, \u00fanicament es podr\u00e0 dur a terme la transfer\u00e8ncia si es compleixen una s\u00e8rie de <strong>condicions en casos espec\u00edfics<\/strong> establertes en el RGPD o requerir-se d&#8217;una <strong>autoritzaci\u00f3 expressa per<\/strong> part de <strong>l&#8217;Autoritat de Control<\/strong> del pa\u00eds on est\u00e0 situat l&#8217;exportador.<\/p>\n\n\n\n<h2 class=\"wp-block-heading\"><strong>Qu\u00e8 \u00e9s el <em>Privacy Shield<\/em>?<\/strong><\/h2>\n\n\n\n<p class=\"justificar\">Amb base en aquests sup\u00f2sits, el <strong><em>Privacy Shield<\/em> \u00e9s la Decisi\u00f3 de la Comissi\u00f3 Europea (Decisi\u00f3 (UE) 2016\/1250)<\/strong> on <strong>declara que les empreses o organitzacions estatunidenques que s&#8217;adhereixen a aquest acord marc s\u00f3n qualificades com de nivell adequat<\/strong>, despr\u00e9s de complir amb tots els requisits sol\u00b7licitats en aquest acord marc.<\/p>\n\n\n\n<h2 class=\"wp-block-heading\"><strong>I, per qu\u00e8 tant de rebombori amb la seva anul\u00b7laci\u00f3?<\/strong><\/h2>\n\n\n\n<p class=\"justificar\">Fa cinc anys, el TJUE ja va invalidar, provocant un gran enrenou, el que era l&#8217;antecedent del <strong><em>Privacy Shield<\/em><\/strong>: el <strong><em>Safe Harbour<\/em><\/strong>, que era l&#8217;acord que permetia, des de l&#8217;any 2000, les transfer\u00e8ncies internacionals entre UE i els EUA. Mancant aquest, es podien utilitzar les \u201c<strong>Cl\u00e0usules Contractuals Tipus<\/strong>\u201d aprovades per la Comissi\u00f3 Europea, com a document a signar entre els exportadors i importadors de les dades abans de realitzar qualsevol transfer\u00e8ncia.<\/p>\n\n\n\n<p class=\"justificar\">L&#8217;any 2016 s&#8217;aprovava <strong>l&#8217;Escut de Privacitat<\/strong>, per a facilitar les transfer\u00e8ncies. No obstant aix\u00f2, la hist\u00f2ria s&#8217;ha repetit. Aquest passat 17 de juliol, <strong>el TJUE ha invalidat les transfer\u00e8ncies de dades als EUA que s&#8217;emparen en el <em>Privacy Shield<\/em><\/strong>, alhora que q\u00fcestiona si les cl\u00e0usules contractuals tipus s\u00f3n v\u00e0lides, perqu\u00e8 aquestes en tot moment han de garantir un nivell de protecci\u00f3 equivalent a l&#8217;ofert a l&#8217;empara del RGPD, interpretat a la llum de la Carta dels Drets Fonamentals de la UE.<\/p>\n\n\n\n<p class=\"justificar\">En aquest cas, Facebook ha sigut qui ha estat en el punt de mira per no complir amb els est\u00e0ndards de protecci\u00f3 de dades de la Uni\u00f3 Europea: les dades transferides des de la UE als EUA per aquesta xarxa social no estaven segurs, perqu\u00e8 ni l&#8217;escut de privacitat ni les cl\u00e0usules contractuals tipus respectaven les garanties i drets fonamentals reconeguts a la UE als seus ciutadans. La just\u00edcia europea ha assenyalat que, com ocorria amb el <strong><em>Safe Harbour<\/em>, existeix un risc de \u201cinger\u00e8ncies en els drets fonamentals<\/strong> de les persones\u201d les dades de les quals es transfereixen, a causa que el govern i ag\u00e8ncies de seguretat americanes, emparant-se en la seguretat nacional, l&#8217;inter\u00e8s p\u00fablic i el compliment de la llei estatunidenca, podien accedir a totes les dades. Aix\u00ed mateix, el TJUE, assenyala que l&#8217;acc\u00e9s i la utilitzaci\u00f3 de les dades per part de les autoritats estatunidenques <strong>no s&#8217;ajusten al principi de proporcionalitat<\/strong>, de manera que la vigil\u00e0ncia d&#8217;aquestes dades no es limita a \u201cl\u2019estrictament necessari\u201d.<\/p>\n\n\n\n<h2 class=\"wp-block-heading\"><strong>Quines conseq\u00fc\u00e8ncies comporta aquesta sent\u00e8ncia?<\/strong><\/h2>\n\n\n\n<p class=\"justificar\">La invalidaci\u00f3 del <strong><em>Privacy Shield<\/em><\/strong> comporta que <strong>ja no es pot utilitzar aquesta decisi\u00f3 de la Comissi\u00f3 Europea com a mitj\u00e0 senzill, \u00e0gil i fluid per a realitzar les Transfer\u00e8ncies Internacionals entre la UE i les entitats adherides dels EUA<\/strong>. Ja que el <strong>TJUE ha considerat que els EUA no garanteix un nivell de protecci\u00f3 de dades personals adequat<\/strong> a les exig\u00e8ncies de la normativa del RGPD.<\/p>\n\n\n\n<p class=\"justificar\">Per tant, totes les transfer\u00e8ncies internacionals que es produeixen di\u00e0riament i que s&#8217;emparen en aquesta decisi\u00f3 s\u00f3n il\u00b7legals.<\/p>\n\n\n\n<h2 class=\"wp-block-heading\"><strong>Llavors, s&#8217;han de deixar d&#8217;utilitzar els serveis oferts per les empreses nord-americanes?<\/strong><\/h2>\n\n\n\n<p class=\"justificar\">El fet que aquesta decisi\u00f3 s&#8217;hagi invalidat no significa que no puguem realitzar transfer\u00e8ncies a trav\u00e9s dels <strong>altres mecanismes<\/strong> que estableix el RGPD, no obstant aix\u00f2, hauran de complir-se sense excepci\u00f3. Recordem que el RGPD estableix unes <strong>sancions ingents<\/strong> pel seu incompliment, podent arribar fins als <strong>20 milions d&#8217;euros o el 4 % del volum de facturaci\u00f3 global de l&#8217;any anterior<\/strong>.<\/p>\n\n\n\n<p class=\"justificar\">Per evitar aquestes sancions, les pr\u00f2pies organitzacions <strong>hauran d&#8217;establir els seus propis protocols davant les Transfer\u00e8ncies Internacionals<\/strong>, mentre les autoritats de protecci\u00f3 de dades europees i dels EUA no arribin a un altre acord sobre aquest tema.<\/p>\n\n\n\n<h2 class=\"wp-block-heading\"><strong>Recomanacions per a les entitats que realitzin transfer\u00e8ncies als EUA<\/strong><\/h2>\n\n\n\n<p class=\"justificar\">El RGPD exigeix a les organitzacions i entitats exportadores de dades fora de l\u2019UE que s&#8217;assegurin que els destinataris de les dades compleixin amb <strong>un nivell de protecci\u00f3 tan elevat com si s&#8217;estigu\u00e9s realitzant dins de la UE<\/strong>.<\/p>\n\n\n\n<p class=\"justificar\">Per a complir amb el RGPD, s&#8217;hauran de revisar els tractaments que poden veure&#8217;s afectats per les transfer\u00e8ncies. Posteriorment, s\u2019hauran de detectar i valorar, amb ajuda del DPD de l&#8217;entitat o professionals de la privacitat, els possibles riscos associats a aquests tractaments i les mesures aplicables perqu\u00e8 aquests continu\u00efn sent concordants al RGPD i aix\u00ed regularitzar les transfer\u00e8ncies internacionals.<\/p>\n\n\n\n<p>Per a regularitzar, doncs, les transfer\u00e8ncies, pot tenir-se en compte el seg\u00fcent:<\/p>\n\n\n\n<p class=\"justificar\">&#8211; en primer lloc, <strong>valorar la necessitat de la transfer\u00e8ncia internacional<\/strong> i, si fos el cas, estudiar la possibilitat de canviar de prove\u00efdor mentre les autoritats de privacitat no arribin a un acord, perqu\u00e8 una mala gesti\u00f3 de les transfer\u00e8ncies comportar\u00e0 una quantiosa sanci\u00f3;<\/p>\n\n\n\n<p class=\"justificar\">&#8211; en molts casos, aquest canvi pot resultar inviable i, per aix\u00f2, mancant decisi\u00f3 de la Comissi\u00f3, es poden signar entre exportador i importador les <strong>Cl\u00e0usules Contractuals Tipus<\/strong>, que no han estat invalidades per la sent\u00e8ncia <em>Schrems<\/em> II. Aquestes s\u00f3n documents privats jur\u00eddicament vinculants. Sempre hauran de valorar-se cas per cas (per aquest fet, les empreses d\u2019EEUU podrien posar problemes a l\u2019hora de signar-les);<\/p>\n\n\n\n<p class=\"justificar\">&#8211; en el si d&#8217;empreses matrius i les seves filials poden crear-se les denominades <strong>normes corporatives vinculants<\/strong>, que seran com una esp\u00e8cie de \u201cparaigua\u201d que regir\u00e0 tota la normativa de privacitat tant per a l&#8217;empresa matriu com les seves filials;<\/p>\n\n\n\n<p class=\"justificar\">&#8211; <strong>altres alternatives<\/strong>, com a garanties, per a realitzar de manera l\u00edcita transfer\u00e8ncies internacionals s\u00f3n o b\u00e9 <strong>l&#8217;adhesi\u00f3 a codis de conducta<\/strong> o els <strong>mecanismes de certificaci\u00f3<\/strong> que van acompanyats de compromisos d&#8217;aplicaci\u00f3 de garanties adequades vinculants i exigibles a les entitats.<\/p>\n\n\n\n<h2 class=\"wp-block-heading\"><strong>Per\u00f2, i si aquestes tampoc s\u00f3n la soluci\u00f3?<\/strong><\/h2>\n\n\n\n<p class=\"justificar\">El RGPD assenyala una s\u00e8rie <strong>d&#8217;excepcions<\/strong> que es permeten per a <strong>situacions espec\u00edfiques<\/strong> (art. 49 RGPD), com, per exemple, el consentiment expl\u00edcit del propi interessat (despr\u00e9s d&#8217;haver estat informat dels possibles riscos per a ell) o la necessitat de tractament de les dades per a la celebraci\u00f3 o execuci\u00f3 d&#8217;un contracte, en el qual l&#8217;interessat sigui part, entre altres.<\/p>\n\n\n\n<p class=\"justificar\"><strong>En conclusi\u00f3<\/strong>, s&#8217;hauran de revisar totes les transfer\u00e8ncies internacionals basades en <strong><em>Privacy Shield<\/em> <\/strong>per adaptar-les a cada cas concret. A partir d&#8217;ara, es presenta un gran repte per a la Comissi\u00f3 de la UE, ja que haur\u00e0 de negociar novament amb les autoritats americanes perqu\u00e8 aquesta decisi\u00f3 no comporti un desastre en el sector empresarial transfronterer en un m\u00f3n cada vegada m\u00e9s globalitzat. D\u2019altra banda, estarem pendents de qualsevol notificaci\u00f3 i comunicaci\u00f3 que puguin fer les autoritats de control al respecte.<\/p>\n\n\n\n<p class=\"justificar\">Si teniu dubtes sobre les transfer\u00e8ncies internacionals de dades, passos a seguir sobre aquest tema o sobre els vostres drets com a usuaris, l&#8217;equip de PymeLegal <a href=\"https:\/\/www.pymelegal.es\/ca\/contactar-lopd\" target=\"_blank\" rel=\"noreferrer noopener\">est\u00e0 a la vostra disposici\u00f3<\/a>.<\/p>\n","protected":false},"excerpt":{"rendered":"<p>El Tribunal de Just\u00edcia de la Uni\u00f3 Europea (TJUE)&nbsp;ha invalidat el \u201cPrivacy&nbsp;Shield\u201d, un dels acords marc clau que permetia la transfer\u00e8ncia de dades personals entre la UE i els EUA, arran de la Sent\u00e8ncia dictada en el cas \u2018Schrems&nbsp;contra Facebook\u2019 (assumpte C-311\/18: EU:C:2020:559 o \u201cSchrems II). Qu\u00e8 s\u00f3n les transfer\u00e8ncies internacionals de dades? De tots &#8230; <a title=\"Ja no es poden transferir dades personals a Estats Units? Conseq\u00fc\u00e8ncies de la invalidaci\u00f3 del &#8216;privacy shield&#8217;\" class=\"read-more\" href=\"https:\/\/www.pymelegal.es\/ca\/noticias\/rgpd-ca\/ja-no-es-poden-transferir-dades-personals-a-estats-units-consequencies-de-la-invalidacio-del-privacy-shield\" aria-label=\"M\u00e9s informaci\u00f3 sobre Ja no es poden transferir dades personals a Estats Units? Conseq\u00fc\u00e8ncies de la invalidaci\u00f3 del &#8216;privacy shield&#8217;\">Read more<\/a><\/p>\n","protected":false},"author":3,"featured_media":7032,"comment_status":"closed","ping_status":"open","sticky":false,"template":"","format":"standard","meta":{"content-type":"","footnotes":""},"categories":[115],"tags":[],"class_list":["post-7482","post","type-post","status-publish","format-standard","has-post-thumbnail","hentry","category-rgpd-ca"],"yoast_head":"<!-- This site is optimized with the Yoast SEO plugin v27.5 - https:\/\/yoast.com\/product\/yoast-seo-wordpress\/ -->\n<title>Ja no es poden transferir dades personals a Estats Units? Conseq\u00fc\u00e8ncies de la invalidaci\u00f3 del &#039;privacy shield&#039; - PymeLegal<\/title>\n<meta name=\"robots\" content=\"index, follow, max-snippet:-1, max-image-preview:large, max-video-preview:-1\" \/>\n<link rel=\"canonical\" href=\"https:\/\/www.pymelegal.es\/noticias\/rgpd\/ya-no-se-pueden-transferir-datos-personales-a-estados-unidos-consecuencias-de-la-invalidacion-del-privacy-shield\" \/>\n<meta property=\"og:locale\" content=\"ca_ES\" \/>\n<meta property=\"og:type\" content=\"article\" \/>\n<meta property=\"og:title\" content=\"Ja no es poden transferir dades personals a Estats Units? Conseq\u00fc\u00e8ncies de la invalidaci\u00f3 del &#039;privacy shield&#039; - PymeLegal\" \/>\n<meta property=\"og:description\" content=\"El Tribunal de Just\u00edcia de la Uni\u00f3 Europea (TJUE)&nbsp;ha invalidat el \u201cPrivacy&nbsp;Shield\u201d, un dels acords marc clau que permetia la transfer\u00e8ncia de dades personals entre la UE i els EUA, arran de la Sent\u00e8ncia dictada en el cas \u2018Schrems&nbsp;contra Facebook\u2019 (assumpte C-311\/18: EU:C:2020:559 o \u201cSchrems II). Qu\u00e8 s\u00f3n les transfer\u00e8ncies internacionals de dades? De tots ... Read more\" \/>\n<meta property=\"og:url\" content=\"https:\/\/www.pymelegal.es\/noticias\/rgpd\/ya-no-se-pueden-transferir-datos-personales-a-estados-unidos-consecuencias-de-la-invalidacion-del-privacy-shield\" \/>\n<meta property=\"og:site_name\" content=\"PymeLegal\" \/>\n<meta property=\"article:published_time\" content=\"2020-07-23T08:56:39+00:00\" \/>\n<meta property=\"article:modified_time\" content=\"2021-05-06T07:09:48+00:00\" \/>\n<meta property=\"og:image\" content=\"https:\/\/www.pymelegal.es\/wp-content\/uploads\/2021\/05\/invalidacion-privacy-shield.jpg\" \/>\n\t<meta property=\"og:image:width\" content=\"800\" \/>\n\t<meta property=\"og:image:height\" content=\"533\" \/>\n\t<meta property=\"og:image:type\" content=\"image\/jpeg\" \/>\n<meta name=\"author\" content=\"PymeLegal\" \/>\n<meta name=\"twitter:card\" content=\"summary_large_image\" \/>\n<meta name=\"twitter:label1\" content=\"Escrit per\" \/>\n\t<meta name=\"twitter:data1\" content=\"PymeLegal\" \/>\n\t<meta name=\"twitter:label2\" content=\"Temps estimat de lectura\" \/>\n\t<meta name=\"twitter:data2\" content=\"8 minuts\" \/>\n<script type=\"application\/ld+json\" class=\"yoast-schema-graph\">{\"@context\":\"https:\\\/\\\/schema.org\",\"@graph\":[{\"@type\":\"Article\",\"@id\":\"https:\\\/\\\/www.pymelegal.es\\\/noticias\\\/rgpd\\\/ya-no-se-pueden-transferir-datos-personales-a-estados-unidos-consecuencias-de-la-invalidacion-del-privacy-shield#article\",\"isPartOf\":{\"@id\":\"https:\\\/\\\/www.pymelegal.es\\\/noticias\\\/rgpd\\\/ya-no-se-pueden-transferir-datos-personales-a-estados-unidos-consecuencias-de-la-invalidacion-del-privacy-shield\"},\"author\":{\"name\":\"PymeLegal\",\"@id\":\"https:\\\/\\\/www.pymelegal.es\\\/#\\\/schema\\\/person\\\/364442751b92f8a04fc5adde3be95c8f\"},\"headline\":\"Ja no es poden transferir dades personals a Estats Units? Conseq\u00fc\u00e8ncies de la invalidaci\u00f3 del &#8216;privacy shield&#8217;\",\"datePublished\":\"2020-07-23T08:56:39+00:00\",\"dateModified\":\"2021-05-06T07:09:48+00:00\",\"mainEntityOfPage\":{\"@id\":\"https:\\\/\\\/www.pymelegal.es\\\/noticias\\\/rgpd\\\/ya-no-se-pueden-transferir-datos-personales-a-estados-unidos-consecuencias-de-la-invalidacion-del-privacy-shield\"},\"wordCount\":1573,\"publisher\":{\"@id\":\"https:\\\/\\\/www.pymelegal.es\\\/#organization\"},\"image\":{\"@id\":\"https:\\\/\\\/www.pymelegal.es\\\/noticias\\\/rgpd\\\/ya-no-se-pueden-transferir-datos-personales-a-estados-unidos-consecuencias-de-la-invalidacion-del-privacy-shield#primaryimage\"},\"thumbnailUrl\":\"https:\\\/\\\/www.pymelegal.es\\\/wp-content\\\/uploads\\\/2021\\\/05\\\/invalidacion-privacy-shield.jpg\",\"articleSection\":[\"RGPD\"],\"inLanguage\":\"ca\"},{\"@type\":\"WebPage\",\"@id\":\"https:\\\/\\\/www.pymelegal.es\\\/noticias\\\/rgpd\\\/ya-no-se-pueden-transferir-datos-personales-a-estados-unidos-consecuencias-de-la-invalidacion-del-privacy-shield\",\"url\":\"https:\\\/\\\/www.pymelegal.es\\\/noticias\\\/rgpd\\\/ya-no-se-pueden-transferir-datos-personales-a-estados-unidos-consecuencias-de-la-invalidacion-del-privacy-shield\",\"name\":\"Ja no es poden transferir dades personals a Estats Units? Conseq\u00fc\u00e8ncies de la invalidaci\u00f3 del 'privacy shield' - PymeLegal\",\"isPartOf\":{\"@id\":\"https:\\\/\\\/www.pymelegal.es\\\/#website\"},\"primaryImageOfPage\":{\"@id\":\"https:\\\/\\\/www.pymelegal.es\\\/noticias\\\/rgpd\\\/ya-no-se-pueden-transferir-datos-personales-a-estados-unidos-consecuencias-de-la-invalidacion-del-privacy-shield#primaryimage\"},\"image\":{\"@id\":\"https:\\\/\\\/www.pymelegal.es\\\/noticias\\\/rgpd\\\/ya-no-se-pueden-transferir-datos-personales-a-estados-unidos-consecuencias-de-la-invalidacion-del-privacy-shield#primaryimage\"},\"thumbnailUrl\":\"https:\\\/\\\/www.pymelegal.es\\\/wp-content\\\/uploads\\\/2021\\\/05\\\/invalidacion-privacy-shield.jpg\",\"datePublished\":\"2020-07-23T08:56:39+00:00\",\"dateModified\":\"2021-05-06T07:09:48+00:00\",\"breadcrumb\":{\"@id\":\"https:\\\/\\\/www.pymelegal.es\\\/noticias\\\/rgpd\\\/ya-no-se-pueden-transferir-datos-personales-a-estados-unidos-consecuencias-de-la-invalidacion-del-privacy-shield#breadcrumb\"},\"inLanguage\":\"ca\",\"potentialAction\":[{\"@type\":\"ReadAction\",\"target\":[\"https:\\\/\\\/www.pymelegal.es\\\/noticias\\\/rgpd\\\/ya-no-se-pueden-transferir-datos-personales-a-estados-unidos-consecuencias-de-la-invalidacion-del-privacy-shield\"]}]},{\"@type\":\"ImageObject\",\"inLanguage\":\"ca\",\"@id\":\"https:\\\/\\\/www.pymelegal.es\\\/noticias\\\/rgpd\\\/ya-no-se-pueden-transferir-datos-personales-a-estados-unidos-consecuencias-de-la-invalidacion-del-privacy-shield#primaryimage\",\"url\":\"https:\\\/\\\/www.pymelegal.es\\\/wp-content\\\/uploads\\\/2021\\\/05\\\/invalidacion-privacy-shield.jpg\",\"contentUrl\":\"https:\\\/\\\/www.pymelegal.es\\\/wp-content\\\/uploads\\\/2021\\\/05\\\/invalidacion-privacy-shield.jpg\",\"width\":800,\"height\":533},{\"@type\":\"BreadcrumbList\",\"@id\":\"https:\\\/\\\/www.pymelegal.es\\\/noticias\\\/rgpd\\\/ya-no-se-pueden-transferir-datos-personales-a-estados-unidos-consecuencias-de-la-invalidacion-del-privacy-shield#breadcrumb\",\"itemListElement\":[{\"@type\":\"ListItem\",\"position\":1,\"name\":\"Portada\",\"item\":\"https:\\\/\\\/www.pymelegal.es\\\/\"},{\"@type\":\"ListItem\",\"position\":2,\"name\":\"Ja no es poden transferir dades personals a Estats Units? Conseq\u00fc\u00e8ncies de la invalidaci\u00f3 del &#8216;privacy shield&#8217;\"}]},{\"@type\":\"WebSite\",\"@id\":\"https:\\\/\\\/www.pymelegal.es\\\/#website\",\"url\":\"https:\\\/\\\/www.pymelegal.es\\\/\",\"name\":\"PymeLegal\",\"description\":\"Adaptaci\u00f3n LOPDGDD-RGPD-LSSICE\",\"publisher\":{\"@id\":\"https:\\\/\\\/www.pymelegal.es\\\/#organization\"},\"potentialAction\":[{\"@type\":\"SearchAction\",\"target\":{\"@type\":\"EntryPoint\",\"urlTemplate\":\"https:\\\/\\\/www.pymelegal.es\\\/?s={search_term_string}\"},\"query-input\":{\"@type\":\"PropertyValueSpecification\",\"valueRequired\":true,\"valueName\":\"search_term_string\"}}],\"inLanguage\":\"ca\"},{\"@type\":\"Organization\",\"@id\":\"https:\\\/\\\/www.pymelegal.es\\\/#organization\",\"name\":\"PymeLegal\",\"url\":\"https:\\\/\\\/www.pymelegal.es\\\/\",\"logo\":{\"@type\":\"ImageObject\",\"inLanguage\":\"ca\",\"@id\":\"https:\\\/\\\/www.pymelegal.es\\\/#\\\/schema\\\/logo\\\/image\\\/\",\"url\":\"https:\\\/\\\/www.pymelegal.es\\\/wp-content\\\/uploads\\\/2023\\\/03\\\/cropped-logo-pymelegal-10-anys-e1678286058678.png\",\"contentUrl\":\"https:\\\/\\\/www.pymelegal.es\\\/wp-content\\\/uploads\\\/2023\\\/03\\\/cropped-logo-pymelegal-10-anys-e1678286058678.png\",\"width\":2364,\"height\":694,\"caption\":\"PymeLegal\"},\"image\":{\"@id\":\"https:\\\/\\\/www.pymelegal.es\\\/#\\\/schema\\\/logo\\\/image\\\/\"}},{\"@type\":\"Person\",\"@id\":\"https:\\\/\\\/www.pymelegal.es\\\/#\\\/schema\\\/person\\\/364442751b92f8a04fc5adde3be95c8f\",\"name\":\"PymeLegal\",\"image\":{\"@type\":\"ImageObject\",\"inLanguage\":\"ca\",\"@id\":\"https:\\\/\\\/secure.gravatar.com\\\/avatar\\\/8114df484a5cd2738a02a5e9462b0881d50584495a20b6ddaeaa1841b1187017?s=96&d=mm&r=g\",\"url\":\"https:\\\/\\\/secure.gravatar.com\\\/avatar\\\/8114df484a5cd2738a02a5e9462b0881d50584495a20b6ddaeaa1841b1187017?s=96&d=mm&r=g\",\"contentUrl\":\"https:\\\/\\\/secure.gravatar.com\\\/avatar\\\/8114df484a5cd2738a02a5e9462b0881d50584495a20b6ddaeaa1841b1187017?s=96&d=mm&r=g\",\"caption\":\"PymeLegal\"}}]}<\/script>\n<!-- \/ Yoast SEO plugin. -->","yoast_head_json":{"title":"Ja no es poden transferir dades personals a Estats Units? Conseq\u00fc\u00e8ncies de la invalidaci\u00f3 del 'privacy shield' - PymeLegal","robots":{"index":"index","follow":"follow","max-snippet":"max-snippet:-1","max-image-preview":"max-image-preview:large","max-video-preview":"max-video-preview:-1"},"canonical":"https:\/\/www.pymelegal.es\/noticias\/rgpd\/ya-no-se-pueden-transferir-datos-personales-a-estados-unidos-consecuencias-de-la-invalidacion-del-privacy-shield","og_locale":"ca_ES","og_type":"article","og_title":"Ja no es poden transferir dades personals a Estats Units? Conseq\u00fc\u00e8ncies de la invalidaci\u00f3 del 'privacy shield' - PymeLegal","og_description":"El Tribunal de Just\u00edcia de la Uni\u00f3 Europea (TJUE)&nbsp;ha invalidat el \u201cPrivacy&nbsp;Shield\u201d, un dels acords marc clau que permetia la transfer\u00e8ncia de dades personals entre la UE i els EUA, arran de la Sent\u00e8ncia dictada en el cas \u2018Schrems&nbsp;contra Facebook\u2019 (assumpte C-311\/18: EU:C:2020:559 o \u201cSchrems II). Qu\u00e8 s\u00f3n les transfer\u00e8ncies internacionals de dades? De tots ... Read more","og_url":"https:\/\/www.pymelegal.es\/noticias\/rgpd\/ya-no-se-pueden-transferir-datos-personales-a-estados-unidos-consecuencias-de-la-invalidacion-del-privacy-shield","og_site_name":"PymeLegal","article_published_time":"2020-07-23T08:56:39+00:00","article_modified_time":"2021-05-06T07:09:48+00:00","og_image":[{"width":800,"height":533,"url":"https:\/\/www.pymelegal.es\/wp-content\/uploads\/2021\/05\/invalidacion-privacy-shield.jpg","type":"image\/jpeg"}],"author":"PymeLegal","twitter_card":"summary_large_image","twitter_misc":{"Escrit per":"PymeLegal","Temps estimat de lectura":"8 minuts"},"schema":{"@context":"https:\/\/schema.org","@graph":[{"@type":"Article","@id":"https:\/\/www.pymelegal.es\/noticias\/rgpd\/ya-no-se-pueden-transferir-datos-personales-a-estados-unidos-consecuencias-de-la-invalidacion-del-privacy-shield#article","isPartOf":{"@id":"https:\/\/www.pymelegal.es\/noticias\/rgpd\/ya-no-se-pueden-transferir-datos-personales-a-estados-unidos-consecuencias-de-la-invalidacion-del-privacy-shield"},"author":{"name":"PymeLegal","@id":"https:\/\/www.pymelegal.es\/#\/schema\/person\/364442751b92f8a04fc5adde3be95c8f"},"headline":"Ja no es poden transferir dades personals a Estats Units? Conseq\u00fc\u00e8ncies de la invalidaci\u00f3 del &#8216;privacy shield&#8217;","datePublished":"2020-07-23T08:56:39+00:00","dateModified":"2021-05-06T07:09:48+00:00","mainEntityOfPage":{"@id":"https:\/\/www.pymelegal.es\/noticias\/rgpd\/ya-no-se-pueden-transferir-datos-personales-a-estados-unidos-consecuencias-de-la-invalidacion-del-privacy-shield"},"wordCount":1573,"publisher":{"@id":"https:\/\/www.pymelegal.es\/#organization"},"image":{"@id":"https:\/\/www.pymelegal.es\/noticias\/rgpd\/ya-no-se-pueden-transferir-datos-personales-a-estados-unidos-consecuencias-de-la-invalidacion-del-privacy-shield#primaryimage"},"thumbnailUrl":"https:\/\/www.pymelegal.es\/wp-content\/uploads\/2021\/05\/invalidacion-privacy-shield.jpg","articleSection":["RGPD"],"inLanguage":"ca"},{"@type":"WebPage","@id":"https:\/\/www.pymelegal.es\/noticias\/rgpd\/ya-no-se-pueden-transferir-datos-personales-a-estados-unidos-consecuencias-de-la-invalidacion-del-privacy-shield","url":"https:\/\/www.pymelegal.es\/noticias\/rgpd\/ya-no-se-pueden-transferir-datos-personales-a-estados-unidos-consecuencias-de-la-invalidacion-del-privacy-shield","name":"Ja no es poden transferir dades personals a Estats Units? Conseq\u00fc\u00e8ncies de la invalidaci\u00f3 del 'privacy shield' - PymeLegal","isPartOf":{"@id":"https:\/\/www.pymelegal.es\/#website"},"primaryImageOfPage":{"@id":"https:\/\/www.pymelegal.es\/noticias\/rgpd\/ya-no-se-pueden-transferir-datos-personales-a-estados-unidos-consecuencias-de-la-invalidacion-del-privacy-shield#primaryimage"},"image":{"@id":"https:\/\/www.pymelegal.es\/noticias\/rgpd\/ya-no-se-pueden-transferir-datos-personales-a-estados-unidos-consecuencias-de-la-invalidacion-del-privacy-shield#primaryimage"},"thumbnailUrl":"https:\/\/www.pymelegal.es\/wp-content\/uploads\/2021\/05\/invalidacion-privacy-shield.jpg","datePublished":"2020-07-23T08:56:39+00:00","dateModified":"2021-05-06T07:09:48+00:00","breadcrumb":{"@id":"https:\/\/www.pymelegal.es\/noticias\/rgpd\/ya-no-se-pueden-transferir-datos-personales-a-estados-unidos-consecuencias-de-la-invalidacion-del-privacy-shield#breadcrumb"},"inLanguage":"ca","potentialAction":[{"@type":"ReadAction","target":["https:\/\/www.pymelegal.es\/noticias\/rgpd\/ya-no-se-pueden-transferir-datos-personales-a-estados-unidos-consecuencias-de-la-invalidacion-del-privacy-shield"]}]},{"@type":"ImageObject","inLanguage":"ca","@id":"https:\/\/www.pymelegal.es\/noticias\/rgpd\/ya-no-se-pueden-transferir-datos-personales-a-estados-unidos-consecuencias-de-la-invalidacion-del-privacy-shield#primaryimage","url":"https:\/\/www.pymelegal.es\/wp-content\/uploads\/2021\/05\/invalidacion-privacy-shield.jpg","contentUrl":"https:\/\/www.pymelegal.es\/wp-content\/uploads\/2021\/05\/invalidacion-privacy-shield.jpg","width":800,"height":533},{"@type":"BreadcrumbList","@id":"https:\/\/www.pymelegal.es\/noticias\/rgpd\/ya-no-se-pueden-transferir-datos-personales-a-estados-unidos-consecuencias-de-la-invalidacion-del-privacy-shield#breadcrumb","itemListElement":[{"@type":"ListItem","position":1,"name":"Portada","item":"https:\/\/www.pymelegal.es\/"},{"@type":"ListItem","position":2,"name":"Ja no es poden transferir dades personals a Estats Units? Conseq\u00fc\u00e8ncies de la invalidaci\u00f3 del &#8216;privacy shield&#8217;"}]},{"@type":"WebSite","@id":"https:\/\/www.pymelegal.es\/#website","url":"https:\/\/www.pymelegal.es\/","name":"PymeLegal","description":"Adaptaci\u00f3n LOPDGDD-RGPD-LSSICE","publisher":{"@id":"https:\/\/www.pymelegal.es\/#organization"},"potentialAction":[{"@type":"SearchAction","target":{"@type":"EntryPoint","urlTemplate":"https:\/\/www.pymelegal.es\/?s={search_term_string}"},"query-input":{"@type":"PropertyValueSpecification","valueRequired":true,"valueName":"search_term_string"}}],"inLanguage":"ca"},{"@type":"Organization","@id":"https:\/\/www.pymelegal.es\/#organization","name":"PymeLegal","url":"https:\/\/www.pymelegal.es\/","logo":{"@type":"ImageObject","inLanguage":"ca","@id":"https:\/\/www.pymelegal.es\/#\/schema\/logo\/image\/","url":"https:\/\/www.pymelegal.es\/wp-content\/uploads\/2023\/03\/cropped-logo-pymelegal-10-anys-e1678286058678.png","contentUrl":"https:\/\/www.pymelegal.es\/wp-content\/uploads\/2023\/03\/cropped-logo-pymelegal-10-anys-e1678286058678.png","width":2364,"height":694,"caption":"PymeLegal"},"image":{"@id":"https:\/\/www.pymelegal.es\/#\/schema\/logo\/image\/"}},{"@type":"Person","@id":"https:\/\/www.pymelegal.es\/#\/schema\/person\/364442751b92f8a04fc5adde3be95c8f","name":"PymeLegal","image":{"@type":"ImageObject","inLanguage":"ca","@id":"https:\/\/secure.gravatar.com\/avatar\/8114df484a5cd2738a02a5e9462b0881d50584495a20b6ddaeaa1841b1187017?s=96&d=mm&r=g","url":"https:\/\/secure.gravatar.com\/avatar\/8114df484a5cd2738a02a5e9462b0881d50584495a20b6ddaeaa1841b1187017?s=96&d=mm&r=g","contentUrl":"https:\/\/secure.gravatar.com\/avatar\/8114df484a5cd2738a02a5e9462b0881d50584495a20b6ddaeaa1841b1187017?s=96&d=mm&r=g","caption":"PymeLegal"}}]}},"_links":{"self":[{"href":"https:\/\/www.pymelegal.es\/ca\/wp-json\/wp\/v2\/posts\/7482","targetHints":{"allow":["GET"]}}],"collection":[{"href":"https:\/\/www.pymelegal.es\/ca\/wp-json\/wp\/v2\/posts"}],"about":[{"href":"https:\/\/www.pymelegal.es\/ca\/wp-json\/wp\/v2\/types\/post"}],"author":[{"embeddable":true,"href":"https:\/\/www.pymelegal.es\/ca\/wp-json\/wp\/v2\/users\/3"}],"replies":[{"embeddable":true,"href":"https:\/\/www.pymelegal.es\/ca\/wp-json\/wp\/v2\/comments?post=7482"}],"version-history":[{"count":0,"href":"https:\/\/www.pymelegal.es\/ca\/wp-json\/wp\/v2\/posts\/7482\/revisions"}],"wp:featuredmedia":[{"embeddable":true,"href":"https:\/\/www.pymelegal.es\/ca\/wp-json\/wp\/v2\/media\/7032"}],"wp:attachment":[{"href":"https:\/\/www.pymelegal.es\/ca\/wp-json\/wp\/v2\/media?parent=7482"}],"wp:term":[{"taxonomy":"category","embeddable":true,"href":"https:\/\/www.pymelegal.es\/ca\/wp-json\/wp\/v2\/categories?post=7482"},{"taxonomy":"post_tag","embeddable":true,"href":"https:\/\/www.pymelegal.es\/ca\/wp-json\/wp\/v2\/tags?post=7482"}],"curies":[{"name":"wp","href":"https:\/\/api.w.org\/{rel}","templated":true}]}}