{"id":7430,"date":"2014-02-03T09:00:30","date_gmt":"2014-02-03T07:00:30","guid":{"rendered":"http:\/\/davidp166.sg-host.com\/noticias\/sense-categoria\/la-lopd-obligacions-de-lempresa"},"modified":"2021-05-06T09:10:03","modified_gmt":"2021-05-06T07:10:03","slug":"la-lopd-obligacions-de-lempresa","status":"publish","type":"post","link":"https:\/\/www.pymelegal.es\/ca\/noticias\/rgpd-ca\/la-lopd-obligacions-de-lempresa","title":{"rendered":"La LOPD: Obligacions de l&#8217;empresa"},"content":{"rendered":"\n<h2 class=\"wp-block-heading\"><strong>La protecci\u00f3 de dades personals i el possible us de la seva informaci\u00f3 per part de tercers es un dret fonamental que busca protegir l&#8217;intimitat i privacitat de les persones f\u00edsiques enfront les vulneracions que puguin produir-se per la recollida, enmagatzament i us indiscriminat de les seves dades de caracter personal per part de les persones jur\u00eddiques.<\/strong><\/h2>\n\n\n\n<!--more-->\n\n\n\n<p>\u00c9s obligaci\u00f3 de tota empresa espanyola complir amb els requisits establerts i que assegurin el compliment de la Llei Org\u00e0nica de Protecci\u00f3 de Dades.<\/p>\n\n\n\n<p>Obligacions de l&#8217;empresa per complir amb la LOPD i realitzar correctament la&nbsp;<strong><a href=\"http:\/\/www.pymelegal.es\/web\/ca\">Adaptaci\u00f3 a la LOPD<\/a><\/strong>:<\/p>\n\n\n\n<p>a) Registrar els fitxers tractats a la&nbsp;<a href=\"http:\/\/www.aepd.es\/\">Ag\u00e8ncia Espanyola de Protecci\u00f3 de Dades<\/a><br>b) Tractar les dades leg\u00edtimament (informar els afectats i obtenir el seu consentiment)<br>c) Establir compromisos de confidencialitat amb tercers amb acc\u00e9s a dades.<br>d) Disposar d&#8217;un Document de Seguretat que inclogui la descripci\u00f3 de l&#8217;escenari del tractament de les dades en la companyia.<br>e) Aplicar les mesures t\u00e8cniques i organitzatives que estableix el Reglament de Mesures de Seguretat. (entre elles informar als usuaris de com els afecta la normativa).<br>f ) Dur a terme auditories en la mat\u00e8ria.<br>g) Permetre els drets ARCO als afectats .\n\n<\/p>\n","protected":false},"excerpt":{"rendered":"<p>La protecci\u00f3 de dades personals i el possible us de la seva informaci\u00f3 per part de tercers es un dret fonamental que busca protegir l&#8217;intimitat i privacitat de les persones f\u00edsiques enfront les vulneracions que puguin produir-se per la recollida, enmagatzament i us indiscriminat de les seves dades de caracter personal per part de les &#8230; <a title=\"La LOPD: Obligacions de l&#8217;empresa\" class=\"read-more\" href=\"https:\/\/www.pymelegal.es\/ca\/noticias\/rgpd-ca\/la-lopd-obligacions-de-lempresa\" aria-label=\"M\u00e9s informaci\u00f3 sobre La LOPD: Obligacions de l&#8217;empresa\">Read more<\/a><\/p>\n","protected":false},"author":3,"featured_media":6945,"comment_status":"closed","ping_status":"open","sticky":false,"template":"","format":"standard","meta":{"content-type":"","footnotes":""},"categories":[115],"tags":[],"class_list":["post-7430","post","type-post","status-publish","format-standard","has-post-thumbnail","hentry","category-rgpd-ca"],"yoast_head":"<!-- This site is optimized with the Yoast SEO plugin v27.4 - https:\/\/yoast.com\/product\/yoast-seo-wordpress\/ -->\n<title>La LOPD: Obligacions de l&#039;empresa - PymeLegal<\/title>\n<meta name=\"description\" content=\"La protecci\u00f3 de dades personals i el possible us de la seva informaci\u00f3 per part de tercers es un dret fonamental que busca protegir l&#039;intimitat i privacitat de les persones f\u00edsiques enfront les vulneracions que puguin produir-se per la recollida, enmagatzament i us indiscriminat de les seves dades de caracter personal per part de les persones jur\u00eddiques.\" \/>\n<meta name=\"robots\" content=\"index, follow, max-snippet:-1, max-image-preview:large, max-video-preview:-1\" \/>\n<link rel=\"canonical\" href=\"https:\/\/www.pymelegal.es\/noticias\/rgpd\/la-lopd-obligaciones-de-la-empresa\" \/>\n<meta property=\"og:locale\" content=\"ca_ES\" \/>\n<meta property=\"og:type\" content=\"article\" \/>\n<meta property=\"og:title\" content=\"La LOPD: Obligacions de l&#039;empresa - PymeLegal\" \/>\n<meta property=\"og:description\" content=\"La protecci\u00f3 de dades personals i el possible us de la seva informaci\u00f3 per part de tercers es un dret fonamental que busca protegir l&#039;intimitat i privacitat de les persones f\u00edsiques enfront les vulneracions que puguin produir-se per la recollida, enmagatzament i us indiscriminat de les seves dades de caracter personal per part de les persones jur\u00eddiques.\" \/>\n<meta property=\"og:url\" content=\"https:\/\/www.pymelegal.es\/noticias\/rgpd\/la-lopd-obligaciones-de-la-empresa\" \/>\n<meta property=\"og:site_name\" content=\"PymeLegal\" \/>\n<meta property=\"article:published_time\" content=\"2014-02-03T07:00:30+00:00\" \/>\n<meta property=\"article:modified_time\" content=\"2021-05-06T07:10:03+00:00\" \/>\n<meta property=\"og:image\" content=\"https:\/\/www.pymelegal.es\/wp-content\/uploads\/2021\/05\/7_requisitos-lopd.jpg\" \/>\n\t<meta property=\"og:image:width\" content=\"630\" \/>\n\t<meta property=\"og:image:height\" content=\"250\" \/>\n\t<meta property=\"og:image:type\" content=\"image\/jpeg\" \/>\n<meta name=\"author\" content=\"PymeLegal\" \/>\n<meta name=\"twitter:card\" content=\"summary_large_image\" \/>\n<meta name=\"twitter:label1\" content=\"Escrit per\" \/>\n\t<meta name=\"twitter:data1\" content=\"PymeLegal\" \/>\n\t<meta name=\"twitter:label2\" content=\"Temps estimat de lectura\" \/>\n\t<meta name=\"twitter:data2\" content=\"1 minut\" \/>\n<script type=\"application\/ld+json\" class=\"yoast-schema-graph\">{\"@context\":\"https:\\\/\\\/schema.org\",\"@graph\":[{\"@type\":\"Article\",\"@id\":\"https:\\\/\\\/www.pymelegal.es\\\/noticias\\\/rgpd\\\/la-lopd-obligaciones-de-la-empresa#article\",\"isPartOf\":{\"@id\":\"https:\\\/\\\/www.pymelegal.es\\\/noticias\\\/rgpd\\\/la-lopd-obligaciones-de-la-empresa\"},\"author\":{\"name\":\"PymeLegal\",\"@id\":\"https:\\\/\\\/www.pymelegal.es\\\/#\\\/schema\\\/person\\\/364442751b92f8a04fc5adde3be95c8f\"},\"headline\":\"La LOPD: Obligacions de l&#8217;empresa\",\"datePublished\":\"2014-02-03T07:00:30+00:00\",\"dateModified\":\"2021-05-06T07:10:03+00:00\",\"mainEntityOfPage\":{\"@id\":\"https:\\\/\\\/www.pymelegal.es\\\/noticias\\\/rgpd\\\/la-lopd-obligaciones-de-la-empresa\"},\"wordCount\":215,\"publisher\":{\"@id\":\"https:\\\/\\\/www.pymelegal.es\\\/#organization\"},\"image\":{\"@id\":\"https:\\\/\\\/www.pymelegal.es\\\/noticias\\\/rgpd\\\/la-lopd-obligaciones-de-la-empresa#primaryimage\"},\"thumbnailUrl\":\"https:\\\/\\\/www.pymelegal.es\\\/wp-content\\\/uploads\\\/2021\\\/05\\\/7_requisitos-lopd.jpg\",\"articleSection\":[\"RGPD\"],\"inLanguage\":\"ca\"},{\"@type\":\"WebPage\",\"@id\":\"https:\\\/\\\/www.pymelegal.es\\\/noticias\\\/rgpd\\\/la-lopd-obligaciones-de-la-empresa\",\"url\":\"https:\\\/\\\/www.pymelegal.es\\\/noticias\\\/rgpd\\\/la-lopd-obligaciones-de-la-empresa\",\"name\":\"La LOPD: Obligacions de l'empresa - PymeLegal\",\"isPartOf\":{\"@id\":\"https:\\\/\\\/www.pymelegal.es\\\/#website\"},\"primaryImageOfPage\":{\"@id\":\"https:\\\/\\\/www.pymelegal.es\\\/noticias\\\/rgpd\\\/la-lopd-obligaciones-de-la-empresa#primaryimage\"},\"image\":{\"@id\":\"https:\\\/\\\/www.pymelegal.es\\\/noticias\\\/rgpd\\\/la-lopd-obligaciones-de-la-empresa#primaryimage\"},\"thumbnailUrl\":\"https:\\\/\\\/www.pymelegal.es\\\/wp-content\\\/uploads\\\/2021\\\/05\\\/7_requisitos-lopd.jpg\",\"datePublished\":\"2014-02-03T07:00:30+00:00\",\"dateModified\":\"2021-05-06T07:10:03+00:00\",\"description\":\"La protecci\u00f3 de dades personals i el possible us de la seva informaci\u00f3 per part de tercers es un dret fonamental que busca protegir l'intimitat i privacitat de les persones f\u00edsiques enfront les vulneracions que puguin produir-se per la recollida, enmagatzament i us indiscriminat de les seves dades de caracter personal per part de les persones jur\u00eddiques.\",\"breadcrumb\":{\"@id\":\"https:\\\/\\\/www.pymelegal.es\\\/noticias\\\/rgpd\\\/la-lopd-obligaciones-de-la-empresa#breadcrumb\"},\"inLanguage\":\"ca\",\"potentialAction\":[{\"@type\":\"ReadAction\",\"target\":[\"https:\\\/\\\/www.pymelegal.es\\\/noticias\\\/rgpd\\\/la-lopd-obligaciones-de-la-empresa\"]}]},{\"@type\":\"ImageObject\",\"inLanguage\":\"ca\",\"@id\":\"https:\\\/\\\/www.pymelegal.es\\\/noticias\\\/rgpd\\\/la-lopd-obligaciones-de-la-empresa#primaryimage\",\"url\":\"https:\\\/\\\/www.pymelegal.es\\\/wp-content\\\/uploads\\\/2021\\\/05\\\/7_requisitos-lopd.jpg\",\"contentUrl\":\"https:\\\/\\\/www.pymelegal.es\\\/wp-content\\\/uploads\\\/2021\\\/05\\\/7_requisitos-lopd.jpg\",\"width\":630,\"height\":250},{\"@type\":\"BreadcrumbList\",\"@id\":\"https:\\\/\\\/www.pymelegal.es\\\/noticias\\\/rgpd\\\/la-lopd-obligaciones-de-la-empresa#breadcrumb\",\"itemListElement\":[{\"@type\":\"ListItem\",\"position\":1,\"name\":\"Portada\",\"item\":\"https:\\\/\\\/www.pymelegal.es\\\/\"},{\"@type\":\"ListItem\",\"position\":2,\"name\":\"La LOPD: Obligacions de l&#8217;empresa\"}]},{\"@type\":\"WebSite\",\"@id\":\"https:\\\/\\\/www.pymelegal.es\\\/#website\",\"url\":\"https:\\\/\\\/www.pymelegal.es\\\/\",\"name\":\"PymeLegal\",\"description\":\"Adaptaci\u00f3n LOPDGDD-RGPD-LSSICE\",\"publisher\":{\"@id\":\"https:\\\/\\\/www.pymelegal.es\\\/#organization\"},\"potentialAction\":[{\"@type\":\"SearchAction\",\"target\":{\"@type\":\"EntryPoint\",\"urlTemplate\":\"https:\\\/\\\/www.pymelegal.es\\\/?s={search_term_string}\"},\"query-input\":{\"@type\":\"PropertyValueSpecification\",\"valueRequired\":true,\"valueName\":\"search_term_string\"}}],\"inLanguage\":\"ca\"},{\"@type\":\"Organization\",\"@id\":\"https:\\\/\\\/www.pymelegal.es\\\/#organization\",\"name\":\"PymeLegal\",\"url\":\"https:\\\/\\\/www.pymelegal.es\\\/\",\"logo\":{\"@type\":\"ImageObject\",\"inLanguage\":\"ca\",\"@id\":\"https:\\\/\\\/www.pymelegal.es\\\/#\\\/schema\\\/logo\\\/image\\\/\",\"url\":\"https:\\\/\\\/www.pymelegal.es\\\/wp-content\\\/uploads\\\/2023\\\/03\\\/cropped-logo-pymelegal-10-anys-e1678286058678.png\",\"contentUrl\":\"https:\\\/\\\/www.pymelegal.es\\\/wp-content\\\/uploads\\\/2023\\\/03\\\/cropped-logo-pymelegal-10-anys-e1678286058678.png\",\"width\":2364,\"height\":694,\"caption\":\"PymeLegal\"},\"image\":{\"@id\":\"https:\\\/\\\/www.pymelegal.es\\\/#\\\/schema\\\/logo\\\/image\\\/\"}},{\"@type\":\"Person\",\"@id\":\"https:\\\/\\\/www.pymelegal.es\\\/#\\\/schema\\\/person\\\/364442751b92f8a04fc5adde3be95c8f\",\"name\":\"PymeLegal\",\"image\":{\"@type\":\"ImageObject\",\"inLanguage\":\"ca\",\"@id\":\"https:\\\/\\\/secure.gravatar.com\\\/avatar\\\/8114df484a5cd2738a02a5e9462b0881d50584495a20b6ddaeaa1841b1187017?s=96&d=mm&r=g\",\"url\":\"https:\\\/\\\/secure.gravatar.com\\\/avatar\\\/8114df484a5cd2738a02a5e9462b0881d50584495a20b6ddaeaa1841b1187017?s=96&d=mm&r=g\",\"contentUrl\":\"https:\\\/\\\/secure.gravatar.com\\\/avatar\\\/8114df484a5cd2738a02a5e9462b0881d50584495a20b6ddaeaa1841b1187017?s=96&d=mm&r=g\",\"caption\":\"PymeLegal\"}}]}<\/script>\n<!-- \/ Yoast SEO plugin. -->","yoast_head_json":{"title":"La LOPD: Obligacions de l'empresa - PymeLegal","description":"La protecci\u00f3 de dades personals i el possible us de la seva informaci\u00f3 per part de tercers es un dret fonamental que busca protegir l'intimitat i privacitat de les persones f\u00edsiques enfront les vulneracions que puguin produir-se per la recollida, enmagatzament i us indiscriminat de les seves dades de caracter personal per part de les persones jur\u00eddiques.","robots":{"index":"index","follow":"follow","max-snippet":"max-snippet:-1","max-image-preview":"max-image-preview:large","max-video-preview":"max-video-preview:-1"},"canonical":"https:\/\/www.pymelegal.es\/noticias\/rgpd\/la-lopd-obligaciones-de-la-empresa","og_locale":"ca_ES","og_type":"article","og_title":"La LOPD: Obligacions de l'empresa - PymeLegal","og_description":"La protecci\u00f3 de dades personals i el possible us de la seva informaci\u00f3 per part de tercers es un dret fonamental que busca protegir l'intimitat i privacitat de les persones f\u00edsiques enfront les vulneracions que puguin produir-se per la recollida, enmagatzament i us indiscriminat de les seves dades de caracter personal per part de les persones jur\u00eddiques.","og_url":"https:\/\/www.pymelegal.es\/noticias\/rgpd\/la-lopd-obligaciones-de-la-empresa","og_site_name":"PymeLegal","article_published_time":"2014-02-03T07:00:30+00:00","article_modified_time":"2021-05-06T07:10:03+00:00","og_image":[{"width":630,"height":250,"url":"https:\/\/www.pymelegal.es\/wp-content\/uploads\/2021\/05\/7_requisitos-lopd.jpg","type":"image\/jpeg"}],"author":"PymeLegal","twitter_card":"summary_large_image","twitter_misc":{"Escrit per":"PymeLegal","Temps estimat de lectura":"1 minut"},"schema":{"@context":"https:\/\/schema.org","@graph":[{"@type":"Article","@id":"https:\/\/www.pymelegal.es\/noticias\/rgpd\/la-lopd-obligaciones-de-la-empresa#article","isPartOf":{"@id":"https:\/\/www.pymelegal.es\/noticias\/rgpd\/la-lopd-obligaciones-de-la-empresa"},"author":{"name":"PymeLegal","@id":"https:\/\/www.pymelegal.es\/#\/schema\/person\/364442751b92f8a04fc5adde3be95c8f"},"headline":"La LOPD: Obligacions de l&#8217;empresa","datePublished":"2014-02-03T07:00:30+00:00","dateModified":"2021-05-06T07:10:03+00:00","mainEntityOfPage":{"@id":"https:\/\/www.pymelegal.es\/noticias\/rgpd\/la-lopd-obligaciones-de-la-empresa"},"wordCount":215,"publisher":{"@id":"https:\/\/www.pymelegal.es\/#organization"},"image":{"@id":"https:\/\/www.pymelegal.es\/noticias\/rgpd\/la-lopd-obligaciones-de-la-empresa#primaryimage"},"thumbnailUrl":"https:\/\/www.pymelegal.es\/wp-content\/uploads\/2021\/05\/7_requisitos-lopd.jpg","articleSection":["RGPD"],"inLanguage":"ca"},{"@type":"WebPage","@id":"https:\/\/www.pymelegal.es\/noticias\/rgpd\/la-lopd-obligaciones-de-la-empresa","url":"https:\/\/www.pymelegal.es\/noticias\/rgpd\/la-lopd-obligaciones-de-la-empresa","name":"La LOPD: Obligacions de l'empresa - PymeLegal","isPartOf":{"@id":"https:\/\/www.pymelegal.es\/#website"},"primaryImageOfPage":{"@id":"https:\/\/www.pymelegal.es\/noticias\/rgpd\/la-lopd-obligaciones-de-la-empresa#primaryimage"},"image":{"@id":"https:\/\/www.pymelegal.es\/noticias\/rgpd\/la-lopd-obligaciones-de-la-empresa#primaryimage"},"thumbnailUrl":"https:\/\/www.pymelegal.es\/wp-content\/uploads\/2021\/05\/7_requisitos-lopd.jpg","datePublished":"2014-02-03T07:00:30+00:00","dateModified":"2021-05-06T07:10:03+00:00","description":"La protecci\u00f3 de dades personals i el possible us de la seva informaci\u00f3 per part de tercers es un dret fonamental que busca protegir l'intimitat i privacitat de les persones f\u00edsiques enfront les vulneracions que puguin produir-se per la recollida, enmagatzament i us indiscriminat de les seves dades de caracter personal per part de les persones jur\u00eddiques.","breadcrumb":{"@id":"https:\/\/www.pymelegal.es\/noticias\/rgpd\/la-lopd-obligaciones-de-la-empresa#breadcrumb"},"inLanguage":"ca","potentialAction":[{"@type":"ReadAction","target":["https:\/\/www.pymelegal.es\/noticias\/rgpd\/la-lopd-obligaciones-de-la-empresa"]}]},{"@type":"ImageObject","inLanguage":"ca","@id":"https:\/\/www.pymelegal.es\/noticias\/rgpd\/la-lopd-obligaciones-de-la-empresa#primaryimage","url":"https:\/\/www.pymelegal.es\/wp-content\/uploads\/2021\/05\/7_requisitos-lopd.jpg","contentUrl":"https:\/\/www.pymelegal.es\/wp-content\/uploads\/2021\/05\/7_requisitos-lopd.jpg","width":630,"height":250},{"@type":"BreadcrumbList","@id":"https:\/\/www.pymelegal.es\/noticias\/rgpd\/la-lopd-obligaciones-de-la-empresa#breadcrumb","itemListElement":[{"@type":"ListItem","position":1,"name":"Portada","item":"https:\/\/www.pymelegal.es\/"},{"@type":"ListItem","position":2,"name":"La LOPD: Obligacions de l&#8217;empresa"}]},{"@type":"WebSite","@id":"https:\/\/www.pymelegal.es\/#website","url":"https:\/\/www.pymelegal.es\/","name":"PymeLegal","description":"Adaptaci\u00f3n LOPDGDD-RGPD-LSSICE","publisher":{"@id":"https:\/\/www.pymelegal.es\/#organization"},"potentialAction":[{"@type":"SearchAction","target":{"@type":"EntryPoint","urlTemplate":"https:\/\/www.pymelegal.es\/?s={search_term_string}"},"query-input":{"@type":"PropertyValueSpecification","valueRequired":true,"valueName":"search_term_string"}}],"inLanguage":"ca"},{"@type":"Organization","@id":"https:\/\/www.pymelegal.es\/#organization","name":"PymeLegal","url":"https:\/\/www.pymelegal.es\/","logo":{"@type":"ImageObject","inLanguage":"ca","@id":"https:\/\/www.pymelegal.es\/#\/schema\/logo\/image\/","url":"https:\/\/www.pymelegal.es\/wp-content\/uploads\/2023\/03\/cropped-logo-pymelegal-10-anys-e1678286058678.png","contentUrl":"https:\/\/www.pymelegal.es\/wp-content\/uploads\/2023\/03\/cropped-logo-pymelegal-10-anys-e1678286058678.png","width":2364,"height":694,"caption":"PymeLegal"},"image":{"@id":"https:\/\/www.pymelegal.es\/#\/schema\/logo\/image\/"}},{"@type":"Person","@id":"https:\/\/www.pymelegal.es\/#\/schema\/person\/364442751b92f8a04fc5adde3be95c8f","name":"PymeLegal","image":{"@type":"ImageObject","inLanguage":"ca","@id":"https:\/\/secure.gravatar.com\/avatar\/8114df484a5cd2738a02a5e9462b0881d50584495a20b6ddaeaa1841b1187017?s=96&d=mm&r=g","url":"https:\/\/secure.gravatar.com\/avatar\/8114df484a5cd2738a02a5e9462b0881d50584495a20b6ddaeaa1841b1187017?s=96&d=mm&r=g","contentUrl":"https:\/\/secure.gravatar.com\/avatar\/8114df484a5cd2738a02a5e9462b0881d50584495a20b6ddaeaa1841b1187017?s=96&d=mm&r=g","caption":"PymeLegal"}}]}},"_links":{"self":[{"href":"https:\/\/www.pymelegal.es\/ca\/wp-json\/wp\/v2\/posts\/7430","targetHints":{"allow":["GET"]}}],"collection":[{"href":"https:\/\/www.pymelegal.es\/ca\/wp-json\/wp\/v2\/posts"}],"about":[{"href":"https:\/\/www.pymelegal.es\/ca\/wp-json\/wp\/v2\/types\/post"}],"author":[{"embeddable":true,"href":"https:\/\/www.pymelegal.es\/ca\/wp-json\/wp\/v2\/users\/3"}],"replies":[{"embeddable":true,"href":"https:\/\/www.pymelegal.es\/ca\/wp-json\/wp\/v2\/comments?post=7430"}],"version-history":[{"count":0,"href":"https:\/\/www.pymelegal.es\/ca\/wp-json\/wp\/v2\/posts\/7430\/revisions"}],"wp:featuredmedia":[{"embeddable":true,"href":"https:\/\/www.pymelegal.es\/ca\/wp-json\/wp\/v2\/media\/6945"}],"wp:attachment":[{"href":"https:\/\/www.pymelegal.es\/ca\/wp-json\/wp\/v2\/media?parent=7430"}],"wp:term":[{"taxonomy":"category","embeddable":true,"href":"https:\/\/www.pymelegal.es\/ca\/wp-json\/wp\/v2\/categories?post=7430"},{"taxonomy":"post_tag","embeddable":true,"href":"https:\/\/www.pymelegal.es\/ca\/wp-json\/wp\/v2\/tags?post=7430"}],"curies":[{"name":"wp","href":"https:\/\/api.w.org\/{rel}","templated":true}]}}