{"id":7398,"date":"2016-03-18T09:00:15","date_gmt":"2016-03-18T07:00:15","guid":{"rendered":"http:\/\/davidp166.sg-host.com\/noticias\/sense-categoria\/tribunal-suprem-trasllada-dret-a-loblit-a-la-matriu-de-google"},"modified":"2021-05-06T09:09:59","modified_gmt":"2021-05-06T07:09:59","slug":"tribunal-suprem-trasllada-dret-a-loblit-a-la-matriu-de-google","status":"publish","type":"post","link":"https:\/\/www.pymelegal.es\/ca\/noticias\/rgpd-ca\/tribunal-suprem-trasllada-dret-a-loblit-a-la-matriu-de-google","title":{"rendered":"Tribunal Suprem trasllada &#8216;dret a l&#8217;oblit&#8217; a la matriu de Google."},"content":{"rendered":"\n<h2 class=\"intro wp-block-heading\"><strong>Una sent\u00e8ncia del Tribunal Suprem trasllada el &#8216;dret a l&#8217;oblit&#8217; a la matriu de Google aclarint que la filial espanyola no es responsable del tractament de dades del buscador.<\/strong><\/h2>\n\n\n\n<!--more-->\n\n\n\n<p>Segons estableix el Tribunal Suprem (TS) en una sent\u00e8ncia que dona la ra\u00f3 a Google i anul\u00b7la la decisi\u00f3 de l\u2019Audi\u00e8ncia Nacional de 2014 que reconeix per primer cop el\u00a0<a rel=\"noreferrer noopener\" aria-label=\" (abre en una nueva pesta\u00f1a)\" href=\"https:\/\/www.pymelegal.es\/web\/ca\/noticias\/rgpd-ca\/el-dret-a-loblit\" target=\"_blank\">dret a l\u2019oblit<\/a>, els usuaris que sol\u00b7liciten l\u2019esborrany de dades al buscador hauran de dirigir la seva petici\u00f3 directament a l\u2019empresa matriu, Google Inc. (Estats Units).<br>L\u2019Ag\u00e8ncia Espanyola de Protecci\u00f3 de Dades reclamava al buscador (judici Audi\u00e8ncia Nacional 2011) la cancel\u00b7laci\u00f3 de dades de varis usuaris i Google justificava que no utilitzava filials (Google Spain) per al tractament de dades. Amb aquesta sent\u00e8ncia, el TS diu que \u2018Google Spain no desenvolupa cap activitat de tractament de dades, no interv\u00e9 de cap manera en l\u2019activitat del buscador de Google ni de Blogger\u2019.<br>El TS considera que Google Spain no realitza cap activitat directament vinculada a la indexaci\u00f3 o emmagatzematge de dades i es limita a una activitat de promoci\u00f3 de serveis i recolzament publicitari encara que formi part de la unitat de negoci de la Google.<br>Aquesta sent\u00e8ncia no q\u00fcestiona el dret a l\u2019oblit sin\u00f3 que indica que li correspon \u00a0a Google Inc., com responsable del tractament, la gesti\u00f3 d\u2019aquest dret enfront als usuaris. L\u2019AEPD indica que malgrat la sent\u00e8ncia seguir\u00e0 tutelant als usuaris que els sol\u00b7licitin.\u00a0<\/p>\n\n\n\n<p>Adjuntem sent\u00e8ncia completa.<\/p>\n\n\n\n<p><a href=\"https:\/\/www.pymelegal.es\/web\/wp-content\/uploads\/2019\/11\/60_cat_Sentencia-proteccion-datos-google.pdf\" target=\"_blank\" rel=\"noreferrer noopener\" aria-label=\" (abre en una nueva pesta\u00f1a)\">Document adjunt<\/a><\/p>\n","protected":false},"excerpt":{"rendered":"<p>Una sent\u00e8ncia del Tribunal Suprem trasllada el &#8216;dret a l&#8217;oblit&#8217; a la matriu de Google aclarint que la filial espanyola no es responsable del tractament de dades del buscador.<\/p>\n","protected":false},"author":3,"featured_media":6881,"comment_status":"closed","ping_status":"open","sticky":false,"template":"","format":"standard","meta":{"content-type":"","footnotes":""},"categories":[115],"tags":[],"class_list":["post-7398","post","type-post","status-publish","format-standard","has-post-thumbnail","hentry","category-rgpd-ca"],"yoast_head":"<!-- This site is optimized with the Yoast SEO plugin v27.4 - https:\/\/yoast.com\/product\/yoast-seo-wordpress\/ -->\n<title>Tribunal Suprem trasllada &#039;dret a l&#039;oblit&#039; a la matriu de Google. - PymeLegal<\/title>\n<meta name=\"description\" content=\"Una sent\u00e8ncia del Tribunal Suprem trasllada el &#039;dret a l&#039;oblit&#039; a la matriu de Google aclarint que la filial espanyola no es responsable del tractament de dades del buscador.\" \/>\n<meta name=\"robots\" content=\"index, follow, max-snippet:-1, max-image-preview:large, max-video-preview:-1\" \/>\n<link rel=\"canonical\" href=\"https:\/\/www.pymelegal.es\/noticias\/rgpd\/tribunal-supremo-traslada-derecho-al-olvido-a-la-matriz-de-google\" \/>\n<meta property=\"og:locale\" content=\"ca_ES\" \/>\n<meta property=\"og:type\" content=\"article\" \/>\n<meta property=\"og:title\" content=\"Tribunal Suprem trasllada &#039;dret a l&#039;oblit&#039; a la matriu de Google. - PymeLegal\" \/>\n<meta property=\"og:description\" content=\"Una sent\u00e8ncia del Tribunal Suprem trasllada el &#039;dret a l&#039;oblit&#039; a la matriu de Google aclarint que la filial espanyola no es responsable del tractament de dades del buscador.\" \/>\n<meta property=\"og:url\" content=\"https:\/\/www.pymelegal.es\/noticias\/rgpd\/tribunal-supremo-traslada-derecho-al-olvido-a-la-matriz-de-google\" \/>\n<meta property=\"og:site_name\" content=\"PymeLegal\" \/>\n<meta property=\"article:published_time\" content=\"2016-03-18T07:00:15+00:00\" \/>\n<meta property=\"article:modified_time\" content=\"2021-05-06T07:09:59+00:00\" \/>\n<meta property=\"og:image\" content=\"https:\/\/www.pymelegal.es\/wp-content\/uploads\/2021\/05\/60_derecho-al-olvido-google.jpg\" \/>\n\t<meta property=\"og:image:width\" content=\"630\" \/>\n\t<meta property=\"og:image:height\" content=\"300\" \/>\n\t<meta property=\"og:image:type\" content=\"image\/jpeg\" \/>\n<meta name=\"author\" content=\"PymeLegal\" \/>\n<meta name=\"twitter:card\" content=\"summary_large_image\" \/>\n<meta name=\"twitter:label1\" content=\"Escrit per\" \/>\n\t<meta name=\"twitter:data1\" content=\"PymeLegal\" \/>\n\t<meta name=\"twitter:label2\" content=\"Temps estimat de lectura\" \/>\n\t<meta name=\"twitter:data2\" content=\"1 minut\" \/>\n<script type=\"application\/ld+json\" class=\"yoast-schema-graph\">{\"@context\":\"https:\\\/\\\/schema.org\",\"@graph\":[{\"@type\":\"Article\",\"@id\":\"https:\\\/\\\/www.pymelegal.es\\\/noticias\\\/rgpd\\\/tribunal-supremo-traslada-derecho-al-olvido-a-la-matriz-de-google#article\",\"isPartOf\":{\"@id\":\"https:\\\/\\\/www.pymelegal.es\\\/noticias\\\/rgpd\\\/tribunal-supremo-traslada-derecho-al-olvido-a-la-matriz-de-google\"},\"author\":{\"name\":\"PymeLegal\",\"@id\":\"https:\\\/\\\/www.pymelegal.es\\\/#\\\/schema\\\/person\\\/364442751b92f8a04fc5adde3be95c8f\"},\"headline\":\"Tribunal Suprem trasllada &#8216;dret a l&#8217;oblit&#8217; a la matriu de Google.\",\"datePublished\":\"2016-03-18T07:00:15+00:00\",\"dateModified\":\"2021-05-06T07:09:59+00:00\",\"mainEntityOfPage\":{\"@id\":\"https:\\\/\\\/www.pymelegal.es\\\/noticias\\\/rgpd\\\/tribunal-supremo-traslada-derecho-al-olvido-a-la-matriz-de-google\"},\"wordCount\":274,\"publisher\":{\"@id\":\"https:\\\/\\\/www.pymelegal.es\\\/#organization\"},\"image\":{\"@id\":\"https:\\\/\\\/www.pymelegal.es\\\/noticias\\\/rgpd\\\/tribunal-supremo-traslada-derecho-al-olvido-a-la-matriz-de-google#primaryimage\"},\"thumbnailUrl\":\"https:\\\/\\\/www.pymelegal.es\\\/wp-content\\\/uploads\\\/2021\\\/05\\\/60_derecho-al-olvido-google.jpg\",\"articleSection\":[\"RGPD\"],\"inLanguage\":\"ca\"},{\"@type\":\"WebPage\",\"@id\":\"https:\\\/\\\/www.pymelegal.es\\\/noticias\\\/rgpd\\\/tribunal-supremo-traslada-derecho-al-olvido-a-la-matriz-de-google\",\"url\":\"https:\\\/\\\/www.pymelegal.es\\\/noticias\\\/rgpd\\\/tribunal-supremo-traslada-derecho-al-olvido-a-la-matriz-de-google\",\"name\":\"Tribunal Suprem trasllada 'dret a l'oblit' a la matriu de Google. - PymeLegal\",\"isPartOf\":{\"@id\":\"https:\\\/\\\/www.pymelegal.es\\\/#website\"},\"primaryImageOfPage\":{\"@id\":\"https:\\\/\\\/www.pymelegal.es\\\/noticias\\\/rgpd\\\/tribunal-supremo-traslada-derecho-al-olvido-a-la-matriz-de-google#primaryimage\"},\"image\":{\"@id\":\"https:\\\/\\\/www.pymelegal.es\\\/noticias\\\/rgpd\\\/tribunal-supremo-traslada-derecho-al-olvido-a-la-matriz-de-google#primaryimage\"},\"thumbnailUrl\":\"https:\\\/\\\/www.pymelegal.es\\\/wp-content\\\/uploads\\\/2021\\\/05\\\/60_derecho-al-olvido-google.jpg\",\"datePublished\":\"2016-03-18T07:00:15+00:00\",\"dateModified\":\"2021-05-06T07:09:59+00:00\",\"description\":\"Una sent\u00e8ncia del Tribunal Suprem trasllada el 'dret a l'oblit' a la matriu de Google aclarint que la filial espanyola no es responsable del tractament de dades del buscador.\",\"breadcrumb\":{\"@id\":\"https:\\\/\\\/www.pymelegal.es\\\/noticias\\\/rgpd\\\/tribunal-supremo-traslada-derecho-al-olvido-a-la-matriz-de-google#breadcrumb\"},\"inLanguage\":\"ca\",\"potentialAction\":[{\"@type\":\"ReadAction\",\"target\":[\"https:\\\/\\\/www.pymelegal.es\\\/noticias\\\/rgpd\\\/tribunal-supremo-traslada-derecho-al-olvido-a-la-matriz-de-google\"]}]},{\"@type\":\"ImageObject\",\"inLanguage\":\"ca\",\"@id\":\"https:\\\/\\\/www.pymelegal.es\\\/noticias\\\/rgpd\\\/tribunal-supremo-traslada-derecho-al-olvido-a-la-matriz-de-google#primaryimage\",\"url\":\"https:\\\/\\\/www.pymelegal.es\\\/wp-content\\\/uploads\\\/2021\\\/05\\\/60_derecho-al-olvido-google.jpg\",\"contentUrl\":\"https:\\\/\\\/www.pymelegal.es\\\/wp-content\\\/uploads\\\/2021\\\/05\\\/60_derecho-al-olvido-google.jpg\",\"width\":630,\"height\":300},{\"@type\":\"BreadcrumbList\",\"@id\":\"https:\\\/\\\/www.pymelegal.es\\\/noticias\\\/rgpd\\\/tribunal-supremo-traslada-derecho-al-olvido-a-la-matriz-de-google#breadcrumb\",\"itemListElement\":[{\"@type\":\"ListItem\",\"position\":1,\"name\":\"Portada\",\"item\":\"https:\\\/\\\/www.pymelegal.es\\\/\"},{\"@type\":\"ListItem\",\"position\":2,\"name\":\"Tribunal Suprem trasllada &#8216;dret a l&#8217;oblit&#8217; a la matriu de Google.\"}]},{\"@type\":\"WebSite\",\"@id\":\"https:\\\/\\\/www.pymelegal.es\\\/#website\",\"url\":\"https:\\\/\\\/www.pymelegal.es\\\/\",\"name\":\"PymeLegal\",\"description\":\"Adaptaci\u00f3n LOPDGDD-RGPD-LSSICE\",\"publisher\":{\"@id\":\"https:\\\/\\\/www.pymelegal.es\\\/#organization\"},\"potentialAction\":[{\"@type\":\"SearchAction\",\"target\":{\"@type\":\"EntryPoint\",\"urlTemplate\":\"https:\\\/\\\/www.pymelegal.es\\\/?s={search_term_string}\"},\"query-input\":{\"@type\":\"PropertyValueSpecification\",\"valueRequired\":true,\"valueName\":\"search_term_string\"}}],\"inLanguage\":\"ca\"},{\"@type\":\"Organization\",\"@id\":\"https:\\\/\\\/www.pymelegal.es\\\/#organization\",\"name\":\"PymeLegal\",\"url\":\"https:\\\/\\\/www.pymelegal.es\\\/\",\"logo\":{\"@type\":\"ImageObject\",\"inLanguage\":\"ca\",\"@id\":\"https:\\\/\\\/www.pymelegal.es\\\/#\\\/schema\\\/logo\\\/image\\\/\",\"url\":\"https:\\\/\\\/www.pymelegal.es\\\/wp-content\\\/uploads\\\/2023\\\/03\\\/cropped-logo-pymelegal-10-anys-e1678286058678.png\",\"contentUrl\":\"https:\\\/\\\/www.pymelegal.es\\\/wp-content\\\/uploads\\\/2023\\\/03\\\/cropped-logo-pymelegal-10-anys-e1678286058678.png\",\"width\":2364,\"height\":694,\"caption\":\"PymeLegal\"},\"image\":{\"@id\":\"https:\\\/\\\/www.pymelegal.es\\\/#\\\/schema\\\/logo\\\/image\\\/\"}},{\"@type\":\"Person\",\"@id\":\"https:\\\/\\\/www.pymelegal.es\\\/#\\\/schema\\\/person\\\/364442751b92f8a04fc5adde3be95c8f\",\"name\":\"PymeLegal\",\"image\":{\"@type\":\"ImageObject\",\"inLanguage\":\"ca\",\"@id\":\"https:\\\/\\\/secure.gravatar.com\\\/avatar\\\/8114df484a5cd2738a02a5e9462b0881d50584495a20b6ddaeaa1841b1187017?s=96&d=mm&r=g\",\"url\":\"https:\\\/\\\/secure.gravatar.com\\\/avatar\\\/8114df484a5cd2738a02a5e9462b0881d50584495a20b6ddaeaa1841b1187017?s=96&d=mm&r=g\",\"contentUrl\":\"https:\\\/\\\/secure.gravatar.com\\\/avatar\\\/8114df484a5cd2738a02a5e9462b0881d50584495a20b6ddaeaa1841b1187017?s=96&d=mm&r=g\",\"caption\":\"PymeLegal\"}}]}<\/script>\n<!-- \/ Yoast SEO plugin. -->","yoast_head_json":{"title":"Tribunal Suprem trasllada 'dret a l'oblit' a la matriu de Google. - PymeLegal","description":"Una sent\u00e8ncia del Tribunal Suprem trasllada el 'dret a l'oblit' a la matriu de Google aclarint que la filial espanyola no es responsable del tractament de dades del buscador.","robots":{"index":"index","follow":"follow","max-snippet":"max-snippet:-1","max-image-preview":"max-image-preview:large","max-video-preview":"max-video-preview:-1"},"canonical":"https:\/\/www.pymelegal.es\/noticias\/rgpd\/tribunal-supremo-traslada-derecho-al-olvido-a-la-matriz-de-google","og_locale":"ca_ES","og_type":"article","og_title":"Tribunal Suprem trasllada 'dret a l'oblit' a la matriu de Google. - PymeLegal","og_description":"Una sent\u00e8ncia del Tribunal Suprem trasllada el 'dret a l'oblit' a la matriu de Google aclarint que la filial espanyola no es responsable del tractament de dades del buscador.","og_url":"https:\/\/www.pymelegal.es\/noticias\/rgpd\/tribunal-supremo-traslada-derecho-al-olvido-a-la-matriz-de-google","og_site_name":"PymeLegal","article_published_time":"2016-03-18T07:00:15+00:00","article_modified_time":"2021-05-06T07:09:59+00:00","og_image":[{"width":630,"height":300,"url":"https:\/\/www.pymelegal.es\/wp-content\/uploads\/2021\/05\/60_derecho-al-olvido-google.jpg","type":"image\/jpeg"}],"author":"PymeLegal","twitter_card":"summary_large_image","twitter_misc":{"Escrit per":"PymeLegal","Temps estimat de lectura":"1 minut"},"schema":{"@context":"https:\/\/schema.org","@graph":[{"@type":"Article","@id":"https:\/\/www.pymelegal.es\/noticias\/rgpd\/tribunal-supremo-traslada-derecho-al-olvido-a-la-matriz-de-google#article","isPartOf":{"@id":"https:\/\/www.pymelegal.es\/noticias\/rgpd\/tribunal-supremo-traslada-derecho-al-olvido-a-la-matriz-de-google"},"author":{"name":"PymeLegal","@id":"https:\/\/www.pymelegal.es\/#\/schema\/person\/364442751b92f8a04fc5adde3be95c8f"},"headline":"Tribunal Suprem trasllada &#8216;dret a l&#8217;oblit&#8217; a la matriu de Google.","datePublished":"2016-03-18T07:00:15+00:00","dateModified":"2021-05-06T07:09:59+00:00","mainEntityOfPage":{"@id":"https:\/\/www.pymelegal.es\/noticias\/rgpd\/tribunal-supremo-traslada-derecho-al-olvido-a-la-matriz-de-google"},"wordCount":274,"publisher":{"@id":"https:\/\/www.pymelegal.es\/#organization"},"image":{"@id":"https:\/\/www.pymelegal.es\/noticias\/rgpd\/tribunal-supremo-traslada-derecho-al-olvido-a-la-matriz-de-google#primaryimage"},"thumbnailUrl":"https:\/\/www.pymelegal.es\/wp-content\/uploads\/2021\/05\/60_derecho-al-olvido-google.jpg","articleSection":["RGPD"],"inLanguage":"ca"},{"@type":"WebPage","@id":"https:\/\/www.pymelegal.es\/noticias\/rgpd\/tribunal-supremo-traslada-derecho-al-olvido-a-la-matriz-de-google","url":"https:\/\/www.pymelegal.es\/noticias\/rgpd\/tribunal-supremo-traslada-derecho-al-olvido-a-la-matriz-de-google","name":"Tribunal Suprem trasllada 'dret a l'oblit' a la matriu de Google. - PymeLegal","isPartOf":{"@id":"https:\/\/www.pymelegal.es\/#website"},"primaryImageOfPage":{"@id":"https:\/\/www.pymelegal.es\/noticias\/rgpd\/tribunal-supremo-traslada-derecho-al-olvido-a-la-matriz-de-google#primaryimage"},"image":{"@id":"https:\/\/www.pymelegal.es\/noticias\/rgpd\/tribunal-supremo-traslada-derecho-al-olvido-a-la-matriz-de-google#primaryimage"},"thumbnailUrl":"https:\/\/www.pymelegal.es\/wp-content\/uploads\/2021\/05\/60_derecho-al-olvido-google.jpg","datePublished":"2016-03-18T07:00:15+00:00","dateModified":"2021-05-06T07:09:59+00:00","description":"Una sent\u00e8ncia del Tribunal Suprem trasllada el 'dret a l'oblit' a la matriu de Google aclarint que la filial espanyola no es responsable del tractament de dades del buscador.","breadcrumb":{"@id":"https:\/\/www.pymelegal.es\/noticias\/rgpd\/tribunal-supremo-traslada-derecho-al-olvido-a-la-matriz-de-google#breadcrumb"},"inLanguage":"ca","potentialAction":[{"@type":"ReadAction","target":["https:\/\/www.pymelegal.es\/noticias\/rgpd\/tribunal-supremo-traslada-derecho-al-olvido-a-la-matriz-de-google"]}]},{"@type":"ImageObject","inLanguage":"ca","@id":"https:\/\/www.pymelegal.es\/noticias\/rgpd\/tribunal-supremo-traslada-derecho-al-olvido-a-la-matriz-de-google#primaryimage","url":"https:\/\/www.pymelegal.es\/wp-content\/uploads\/2021\/05\/60_derecho-al-olvido-google.jpg","contentUrl":"https:\/\/www.pymelegal.es\/wp-content\/uploads\/2021\/05\/60_derecho-al-olvido-google.jpg","width":630,"height":300},{"@type":"BreadcrumbList","@id":"https:\/\/www.pymelegal.es\/noticias\/rgpd\/tribunal-supremo-traslada-derecho-al-olvido-a-la-matriz-de-google#breadcrumb","itemListElement":[{"@type":"ListItem","position":1,"name":"Portada","item":"https:\/\/www.pymelegal.es\/"},{"@type":"ListItem","position":2,"name":"Tribunal Suprem trasllada &#8216;dret a l&#8217;oblit&#8217; a la matriu de Google."}]},{"@type":"WebSite","@id":"https:\/\/www.pymelegal.es\/#website","url":"https:\/\/www.pymelegal.es\/","name":"PymeLegal","description":"Adaptaci\u00f3n LOPDGDD-RGPD-LSSICE","publisher":{"@id":"https:\/\/www.pymelegal.es\/#organization"},"potentialAction":[{"@type":"SearchAction","target":{"@type":"EntryPoint","urlTemplate":"https:\/\/www.pymelegal.es\/?s={search_term_string}"},"query-input":{"@type":"PropertyValueSpecification","valueRequired":true,"valueName":"search_term_string"}}],"inLanguage":"ca"},{"@type":"Organization","@id":"https:\/\/www.pymelegal.es\/#organization","name":"PymeLegal","url":"https:\/\/www.pymelegal.es\/","logo":{"@type":"ImageObject","inLanguage":"ca","@id":"https:\/\/www.pymelegal.es\/#\/schema\/logo\/image\/","url":"https:\/\/www.pymelegal.es\/wp-content\/uploads\/2023\/03\/cropped-logo-pymelegal-10-anys-e1678286058678.png","contentUrl":"https:\/\/www.pymelegal.es\/wp-content\/uploads\/2023\/03\/cropped-logo-pymelegal-10-anys-e1678286058678.png","width":2364,"height":694,"caption":"PymeLegal"},"image":{"@id":"https:\/\/www.pymelegal.es\/#\/schema\/logo\/image\/"}},{"@type":"Person","@id":"https:\/\/www.pymelegal.es\/#\/schema\/person\/364442751b92f8a04fc5adde3be95c8f","name":"PymeLegal","image":{"@type":"ImageObject","inLanguage":"ca","@id":"https:\/\/secure.gravatar.com\/avatar\/8114df484a5cd2738a02a5e9462b0881d50584495a20b6ddaeaa1841b1187017?s=96&d=mm&r=g","url":"https:\/\/secure.gravatar.com\/avatar\/8114df484a5cd2738a02a5e9462b0881d50584495a20b6ddaeaa1841b1187017?s=96&d=mm&r=g","contentUrl":"https:\/\/secure.gravatar.com\/avatar\/8114df484a5cd2738a02a5e9462b0881d50584495a20b6ddaeaa1841b1187017?s=96&d=mm&r=g","caption":"PymeLegal"}}]}},"_links":{"self":[{"href":"https:\/\/www.pymelegal.es\/ca\/wp-json\/wp\/v2\/posts\/7398","targetHints":{"allow":["GET"]}}],"collection":[{"href":"https:\/\/www.pymelegal.es\/ca\/wp-json\/wp\/v2\/posts"}],"about":[{"href":"https:\/\/www.pymelegal.es\/ca\/wp-json\/wp\/v2\/types\/post"}],"author":[{"embeddable":true,"href":"https:\/\/www.pymelegal.es\/ca\/wp-json\/wp\/v2\/users\/3"}],"replies":[{"embeddable":true,"href":"https:\/\/www.pymelegal.es\/ca\/wp-json\/wp\/v2\/comments?post=7398"}],"version-history":[{"count":0,"href":"https:\/\/www.pymelegal.es\/ca\/wp-json\/wp\/v2\/posts\/7398\/revisions"}],"wp:featuredmedia":[{"embeddable":true,"href":"https:\/\/www.pymelegal.es\/ca\/wp-json\/wp\/v2\/media\/6881"}],"wp:attachment":[{"href":"https:\/\/www.pymelegal.es\/ca\/wp-json\/wp\/v2\/media?parent=7398"}],"wp:term":[{"taxonomy":"category","embeddable":true,"href":"https:\/\/www.pymelegal.es\/ca\/wp-json\/wp\/v2\/categories?post=7398"},{"taxonomy":"post_tag","embeddable":true,"href":"https:\/\/www.pymelegal.es\/ca\/wp-json\/wp\/v2\/tags?post=7398"}],"curies":[{"name":"wp","href":"https:\/\/api.w.org\/{rel}","templated":true}]}}