{"id":17123,"date":"2026-04-17T13:11:06","date_gmt":"2026-04-17T11:11:06","guid":{"rendered":"https:\/\/www.pymelegal.es\/?p=17123"},"modified":"2026-04-17T13:11:06","modified_gmt":"2026-04-17T11:11:06","slug":"proteccio-de-dades-en-associacions-esportives-i-activitats-extraescolars-una-obligacio-que-no-pots-ignorar","status":"publish","type":"post","link":"https:\/\/www.pymelegal.es\/ca\/noticias\/rgpd-ca\/proteccio-de-dades-en-associacions-esportives-i-activitats-extraescolars-una-obligacio-que-no-pots-ignorar","title":{"rendered":"Protecci\u00f3 de dades en associacions esportives i activitats extraescolars: una obligaci\u00f3 que no pots ignorar"},"content":{"rendered":"<p>Les associacions esportives, activitats extraescolars, esplais, caus o qualsevol entitat que treballi amb menors i fam\u00edlies comparteixen una realitat comuna: gestionen una gran quantitat de dades personals, moltes d\u2019elles especialment sensibles.<\/p>\n<p>Inscripcions, autoritzacions, dades m\u00e8diques, imatges, contactes familiars, comunicacions per WhatsApp o correu electr\u00f2nic\u2026 tota aquesta informaci\u00f3 forma part del dia a dia d\u2019aquestes entitats. Tot i aix\u00f2, en molts casos, la protecci\u00f3 de dades continua sent una assignatura pendent.<\/p>\n<p>I aix\u00f2 suposa un risc real, tant legal com reputacional.<\/p>\n<h2><strong>Per qu\u00e8 \u00e9s especialment important en aquest tipus d\u2019entitats?<\/strong><\/h2>\n<p>A difer\u00e8ncia d\u2019altres sectors, aquestes organitzacions treballen habitualment amb menors d\u2019edat, fet que implica un nivell de protecci\u00f3 m\u00e9s elevat i una major responsabilitat.<\/p>\n<p>A m\u00e9s, gestionen dades especialment sensibles com:<\/p>\n<ul>\n<li>Informaci\u00f3 m\u00e8dica (al\u00b7l\u00e8rgies, patologies, medicaci\u00f3\u2026)<\/li>\n<li>Dades identificatives i de contacte de pares o tutors<\/li>\n<li>Imatges i v\u00eddeos d\u2019activitats<\/li>\n<li>Informaci\u00f3 sobre comportament o h\u00e0bits<\/li>\n<\/ul>\n<p>El tractament d\u2019aquestes dades requereix aplicar mesures m\u00e9s estrictes, tant a nivell legal com organitzatiu i t\u00e8cnic.<\/p>\n<h2><strong>Principals riscos que detectem<\/strong><\/h2>\n<p>En la nostra experi\u00e8ncia, existeixen una s\u00e8rie d\u2019errors habituals que es repeteixen en moltes entitats:<\/p>\n<ul>\n<li>Formularis d\u2019inscripci\u00f3 sense informaci\u00f3 clara sobre protecci\u00f3 de dades<\/li>\n<li>Falta de recollida de consentiments espec\u00edfics (especialment en menors)<\/li>\n<li>\u00das de grups de WhatsApp sense complir amb la normativa<\/li>\n<li>Publicaci\u00f3 d\u2019imatges de menors sense autoritzaci\u00f3 expressa<\/li>\n<li>Falta de control sobre qui accedeix a les dades<\/li>\n<li>Abs\u00e8ncia de contractes amb tercers (monitors, plataformes, apps\u2026)<\/li>\n<li>\u00das d\u2019eines digitals sense revisar si compleixen amb la normativa<\/li>\n<\/ul>\n<p>Moltes vegades no es tracta de mala praxi, sin\u00f3 de desconeixement o de prioritzar l\u2019operativa di\u00e0ria davant del compliment legal.<\/p>\n<p>Per\u00f2 el desconeixement no eximeix de responsabilitat.<\/p>\n<h2><strong>Qu\u00e8 exigeix la normativa?<\/strong><\/h2>\n<p>El Reglament General de Protecci\u00f3 de Dades (RGPD) i la LOPDGDD estableixen obligacions clares que aquestes entitats han de complir:<\/p>\n<ul>\n<li>Informar de forma transparent sobre l\u2019\u00fas de les dades<\/li>\n<li>Obtenir el consentiment v\u00e0lid, especialment quan es tracta de menors<\/li>\n<li>Aplicar mesures de seguretat adequades per protegir la informaci\u00f3<\/li>\n<li>Limitar l\u2019acc\u00e9s a les dades \u00fanicament a persones autoritzades<\/li>\n<li>Formalitzar contractes amb prove\u00efdors que accedeixen a dades personals<\/li>\n<li>Establir pol\u00edtiques internes de gesti\u00f3 de dades<\/li>\n<\/ul>\n<p>A m\u00e9s, en el cas de menors, el consentiment ha de ser atorgat pels pares o tutors, i ha de ser espec\u00edfic, informat i verificable.<\/p>\n<h2><strong>Digitalitzaci\u00f3 i nous reptes<\/strong><\/h2>\n<p>La digitalitzaci\u00f3 ha facilitat la gesti\u00f3 d\u2019aquestes entitats, per\u00f2 tamb\u00e9 ha incrementat els riscos.<\/p>\n<p>L\u2019\u00fas d\u2019eines digitals, plataformes de gesti\u00f3, apps de comunicaci\u00f3 o xarxes socials implica nous tractaments de dades que moltes vegades no s\u2019analitzen correctament.<\/p>\n<p>Per exemple:<\/p>\n<ul>\n<li>Formularis online que no compleixen amb la normativa<\/li>\n<li>Plataformes que emmagatzemen dades fora de la Uni\u00f3 Europea<\/li>\n<li>Comunicacions massives sense base legal adequada<\/li>\n<\/ul>\n<p>Digitalitzar sense protegir \u00e9s un dels errors m\u00e9s comuns.<\/p>\n<h2><strong>M\u00e9s enll\u00e0 de la llei: confian\u00e7a i responsabilitat<\/strong><\/h2>\n<p>Complir amb la protecci\u00f3 de dades no \u00e9s nom\u00e9s una obligaci\u00f3 legal. \u00c9s una manera de demostrar comprom\u00eds, professionalitat i respecte cap a les fam\u00edlies i els menors.<\/p>\n<p>Quan una entitat gestiona correctament la informaci\u00f3, transmet confian\u00e7a i seguretat, elements clau en aquest tipus d\u2019entorns. La privacitat forma part de la qualitat del servei.<\/p>\n<p>Les associacions esportives, educatives i de lleure tenen un paper fonamental en la societat. Per\u00f2 tamb\u00e9 tenen una responsabilitat clara: protegir les dades de les persones amb qui treballen.<\/p>\n<p>No es tracta nom\u00e9s de complir una normativa, sin\u00f3 de fer les coses b\u00e9.<\/p>\n<p>Perqu\u00e8 darrere de cada fitxa d\u2019inscripci\u00f3, de cada autoritzaci\u00f3 o de cada fotografia, hi ha alguna cosa m\u00e9s important que una dada. Hi ha una persona.<\/p>\n","protected":false},"excerpt":{"rendered":"<p>Les associacions esportives, activitats extraescolars, esplais, caus o qualsevol entitat que treballi amb menors i fam\u00edlies comparteixen una realitat comuna: gestionen una gran quantitat de dades personals, moltes d\u2019elles especialment sensibles. Inscripcions, autoritzacions, dades m\u00e8diques, imatges, contactes familiars, comunicacions per WhatsApp o correu electr\u00f2nic\u2026 tota aquesta informaci\u00f3 forma part del dia a dia d\u2019aquestes entitats. &#8230; <a title=\"Protecci\u00f3 de dades en associacions esportives i activitats extraescolars: una obligaci\u00f3 que no pots ignorar\" class=\"read-more\" href=\"https:\/\/www.pymelegal.es\/ca\/noticias\/rgpd-ca\/proteccio-de-dades-en-associacions-esportives-i-activitats-extraescolars-una-obligacio-que-no-pots-ignorar\" aria-label=\"M\u00e9s informaci\u00f3 sobre Protecci\u00f3 de dades en associacions esportives i activitats extraescolars: una obligaci\u00f3 que no pots ignorar\">Read more<\/a><\/p>\n","protected":false},"author":3,"featured_media":17121,"comment_status":"closed","ping_status":"closed","sticky":false,"template":"","format":"standard","meta":{"content-type":"","footnotes":""},"categories":[115],"tags":[927,925,924,923,926,180,185],"class_list":["post-17123","post","type-post","status-publish","format-standard","has-post-thumbnail","hentry","category-rgpd-ca","tag-activitats-extraescolars","tag-associacio-esportiva","tag-club-esportiu","tag-esport","tag-extraescolars","tag-proteccio-de-dades","tag-rgpd-ca"],"yoast_head":"<!-- This site is optimized with the Yoast SEO plugin v27.4 - https:\/\/yoast.com\/product\/yoast-seo-wordpress\/ -->\n<title>Protecci\u00f3 de dades en associacions esportives i activitats extraescolars: una obligaci\u00f3 que no pots ignorar - PymeLegal<\/title>\n<meta name=\"description\" content=\"Tens una associaci\u00f3 esportiva, club esportiu o organitzes activitats extraescolars? Aquest article sobre protecci\u00f3 de dades t&#039;interessa.\" \/>\n<meta name=\"robots\" content=\"index, follow, max-snippet:-1, max-image-preview:large, max-video-preview:-1\" \/>\n<link rel=\"canonical\" href=\"https:\/\/www.pymelegal.es\/ca\/noticias\/rgpd-ca\/proteccio-de-dades-en-associacions-esportives-i-activitats-extraescolars-una-obligacio-que-no-pots-ignorar\" \/>\n<meta property=\"og:locale\" content=\"ca_ES\" \/>\n<meta property=\"og:type\" content=\"article\" \/>\n<meta property=\"og:title\" content=\"Protecci\u00f3 de dades en associacions esportives i activitats extraescolars: una obligaci\u00f3 que no pots ignorar - PymeLegal\" \/>\n<meta property=\"og:description\" content=\"Tens una associaci\u00f3 esportiva, club esportiu o organitzes activitats extraescolars? Aquest article sobre protecci\u00f3 de dades t&#039;interessa.\" \/>\n<meta property=\"og:url\" content=\"https:\/\/www.pymelegal.es\/ca\/noticias\/rgpd-ca\/proteccio-de-dades-en-associacions-esportives-i-activitats-extraescolars-una-obligacio-que-no-pots-ignorar\" \/>\n<meta property=\"og:site_name\" content=\"PymeLegal\" \/>\n<meta property=\"article:published_time\" content=\"2026-04-17T11:11:06+00:00\" \/>\n<meta property=\"og:image\" content=\"https:\/\/www.pymelegal.es\/wp-content\/uploads\/2026\/04\/deporte-1024x512.png\" \/>\n\t<meta property=\"og:image:width\" content=\"1024\" \/>\n\t<meta property=\"og:image:height\" content=\"512\" \/>\n\t<meta property=\"og:image:type\" content=\"image\/png\" \/>\n<meta name=\"author\" content=\"PymeLegal\" \/>\n<meta name=\"twitter:card\" content=\"summary_large_image\" \/>\n<meta name=\"twitter:label1\" content=\"Escrit per\" \/>\n\t<meta name=\"twitter:data1\" content=\"PymeLegal\" \/>\n\t<meta name=\"twitter:label2\" content=\"Temps estimat de lectura\" \/>\n\t<meta name=\"twitter:data2\" content=\"3 minuts\" \/>\n<script type=\"application\/ld+json\" class=\"yoast-schema-graph\">{\"@context\":\"https:\\\/\\\/schema.org\",\"@graph\":[{\"@type\":\"Article\",\"@id\":\"https:\\\/\\\/www.pymelegal.es\\\/ca\\\/noticias\\\/rgpd-ca\\\/proteccio-de-dades-en-associacions-esportives-i-activitats-extraescolars-una-obligacio-que-no-pots-ignorar#article\",\"isPartOf\":{\"@id\":\"https:\\\/\\\/www.pymelegal.es\\\/ca\\\/noticias\\\/rgpd-ca\\\/proteccio-de-dades-en-associacions-esportives-i-activitats-extraescolars-una-obligacio-que-no-pots-ignorar\"},\"author\":{\"name\":\"PymeLegal\",\"@id\":\"https:\\\/\\\/www.pymelegal.es\\\/#\\\/schema\\\/person\\\/364442751b92f8a04fc5adde3be95c8f\"},\"headline\":\"Protecci\u00f3 de dades en associacions esportives i activitats extraescolars: una obligaci\u00f3 que no pots ignorar\",\"datePublished\":\"2026-04-17T11:11:06+00:00\",\"mainEntityOfPage\":{\"@id\":\"https:\\\/\\\/www.pymelegal.es\\\/ca\\\/noticias\\\/rgpd-ca\\\/proteccio-de-dades-en-associacions-esportives-i-activitats-extraescolars-una-obligacio-que-no-pots-ignorar\"},\"wordCount\":644,\"publisher\":{\"@id\":\"https:\\\/\\\/www.pymelegal.es\\\/#organization\"},\"image\":{\"@id\":\"https:\\\/\\\/www.pymelegal.es\\\/ca\\\/noticias\\\/rgpd-ca\\\/proteccio-de-dades-en-associacions-esportives-i-activitats-extraescolars-una-obligacio-que-no-pots-ignorar#primaryimage\"},\"thumbnailUrl\":\"https:\\\/\\\/www.pymelegal.es\\\/wp-content\\\/uploads\\\/2026\\\/04\\\/deporte.png\",\"keywords\":[\"activitats extraescolars\",\"associaci\u00f3 esportiva\",\"club esportiu\",\"esport\",\"extraescolars\",\"proteccio de dades\",\"RGPD\"],\"articleSection\":[\"RGPD\"],\"inLanguage\":\"ca\"},{\"@type\":\"WebPage\",\"@id\":\"https:\\\/\\\/www.pymelegal.es\\\/ca\\\/noticias\\\/rgpd-ca\\\/proteccio-de-dades-en-associacions-esportives-i-activitats-extraescolars-una-obligacio-que-no-pots-ignorar\",\"url\":\"https:\\\/\\\/www.pymelegal.es\\\/ca\\\/noticias\\\/rgpd-ca\\\/proteccio-de-dades-en-associacions-esportives-i-activitats-extraescolars-una-obligacio-que-no-pots-ignorar\",\"name\":\"Protecci\u00f3 de dades en associacions esportives i activitats extraescolars: una obligaci\u00f3 que no pots ignorar - PymeLegal\",\"isPartOf\":{\"@id\":\"https:\\\/\\\/www.pymelegal.es\\\/#website\"},\"primaryImageOfPage\":{\"@id\":\"https:\\\/\\\/www.pymelegal.es\\\/ca\\\/noticias\\\/rgpd-ca\\\/proteccio-de-dades-en-associacions-esportives-i-activitats-extraescolars-una-obligacio-que-no-pots-ignorar#primaryimage\"},\"image\":{\"@id\":\"https:\\\/\\\/www.pymelegal.es\\\/ca\\\/noticias\\\/rgpd-ca\\\/proteccio-de-dades-en-associacions-esportives-i-activitats-extraescolars-una-obligacio-que-no-pots-ignorar#primaryimage\"},\"thumbnailUrl\":\"https:\\\/\\\/www.pymelegal.es\\\/wp-content\\\/uploads\\\/2026\\\/04\\\/deporte.png\",\"datePublished\":\"2026-04-17T11:11:06+00:00\",\"description\":\"Tens una associaci\u00f3 esportiva, club esportiu o organitzes activitats extraescolars? Aquest article sobre protecci\u00f3 de dades t'interessa.\",\"breadcrumb\":{\"@id\":\"https:\\\/\\\/www.pymelegal.es\\\/ca\\\/noticias\\\/rgpd-ca\\\/proteccio-de-dades-en-associacions-esportives-i-activitats-extraescolars-una-obligacio-que-no-pots-ignorar#breadcrumb\"},\"inLanguage\":\"ca\",\"potentialAction\":[{\"@type\":\"ReadAction\",\"target\":[\"https:\\\/\\\/www.pymelegal.es\\\/ca\\\/noticias\\\/rgpd-ca\\\/proteccio-de-dades-en-associacions-esportives-i-activitats-extraescolars-una-obligacio-que-no-pots-ignorar\"]}]},{\"@type\":\"ImageObject\",\"inLanguage\":\"ca\",\"@id\":\"https:\\\/\\\/www.pymelegal.es\\\/ca\\\/noticias\\\/rgpd-ca\\\/proteccio-de-dades-en-associacions-esportives-i-activitats-extraescolars-una-obligacio-que-no-pots-ignorar#primaryimage\",\"url\":\"https:\\\/\\\/www.pymelegal.es\\\/wp-content\\\/uploads\\\/2026\\\/04\\\/deporte.png\",\"contentUrl\":\"https:\\\/\\\/www.pymelegal.es\\\/wp-content\\\/uploads\\\/2026\\\/04\\\/deporte.png\",\"width\":2000,\"height\":1000},{\"@type\":\"BreadcrumbList\",\"@id\":\"https:\\\/\\\/www.pymelegal.es\\\/ca\\\/noticias\\\/rgpd-ca\\\/proteccio-de-dades-en-associacions-esportives-i-activitats-extraescolars-una-obligacio-que-no-pots-ignorar#breadcrumb\",\"itemListElement\":[{\"@type\":\"ListItem\",\"position\":1,\"name\":\"Portada\",\"item\":\"https:\\\/\\\/www.pymelegal.es\\\/\"},{\"@type\":\"ListItem\",\"position\":2,\"name\":\"Protecci\u00f3 de dades en associacions esportives i activitats extraescolars: una obligaci\u00f3 que no pots ignorar\"}]},{\"@type\":\"WebSite\",\"@id\":\"https:\\\/\\\/www.pymelegal.es\\\/#website\",\"url\":\"https:\\\/\\\/www.pymelegal.es\\\/\",\"name\":\"PymeLegal\",\"description\":\"Adaptaci\u00f3n LOPDGDD-RGPD-LSSICE\",\"publisher\":{\"@id\":\"https:\\\/\\\/www.pymelegal.es\\\/#organization\"},\"potentialAction\":[{\"@type\":\"SearchAction\",\"target\":{\"@type\":\"EntryPoint\",\"urlTemplate\":\"https:\\\/\\\/www.pymelegal.es\\\/?s={search_term_string}\"},\"query-input\":{\"@type\":\"PropertyValueSpecification\",\"valueRequired\":true,\"valueName\":\"search_term_string\"}}],\"inLanguage\":\"ca\"},{\"@type\":\"Organization\",\"@id\":\"https:\\\/\\\/www.pymelegal.es\\\/#organization\",\"name\":\"PymeLegal\",\"url\":\"https:\\\/\\\/www.pymelegal.es\\\/\",\"logo\":{\"@type\":\"ImageObject\",\"inLanguage\":\"ca\",\"@id\":\"https:\\\/\\\/www.pymelegal.es\\\/#\\\/schema\\\/logo\\\/image\\\/\",\"url\":\"https:\\\/\\\/www.pymelegal.es\\\/wp-content\\\/uploads\\\/2023\\\/03\\\/cropped-logo-pymelegal-10-anys-e1678286058678.png\",\"contentUrl\":\"https:\\\/\\\/www.pymelegal.es\\\/wp-content\\\/uploads\\\/2023\\\/03\\\/cropped-logo-pymelegal-10-anys-e1678286058678.png\",\"width\":2364,\"height\":694,\"caption\":\"PymeLegal\"},\"image\":{\"@id\":\"https:\\\/\\\/www.pymelegal.es\\\/#\\\/schema\\\/logo\\\/image\\\/\"}},{\"@type\":\"Person\",\"@id\":\"https:\\\/\\\/www.pymelegal.es\\\/#\\\/schema\\\/person\\\/364442751b92f8a04fc5adde3be95c8f\",\"name\":\"PymeLegal\",\"image\":{\"@type\":\"ImageObject\",\"inLanguage\":\"ca\",\"@id\":\"https:\\\/\\\/secure.gravatar.com\\\/avatar\\\/8114df484a5cd2738a02a5e9462b0881d50584495a20b6ddaeaa1841b1187017?s=96&d=mm&r=g\",\"url\":\"https:\\\/\\\/secure.gravatar.com\\\/avatar\\\/8114df484a5cd2738a02a5e9462b0881d50584495a20b6ddaeaa1841b1187017?s=96&d=mm&r=g\",\"contentUrl\":\"https:\\\/\\\/secure.gravatar.com\\\/avatar\\\/8114df484a5cd2738a02a5e9462b0881d50584495a20b6ddaeaa1841b1187017?s=96&d=mm&r=g\",\"caption\":\"PymeLegal\"}}]}<\/script>\n<!-- \/ Yoast SEO plugin. -->","yoast_head_json":{"title":"Protecci\u00f3 de dades en associacions esportives i activitats extraescolars: una obligaci\u00f3 que no pots ignorar - PymeLegal","description":"Tens una associaci\u00f3 esportiva, club esportiu o organitzes activitats extraescolars? Aquest article sobre protecci\u00f3 de dades t'interessa.","robots":{"index":"index","follow":"follow","max-snippet":"max-snippet:-1","max-image-preview":"max-image-preview:large","max-video-preview":"max-video-preview:-1"},"canonical":"https:\/\/www.pymelegal.es\/ca\/noticias\/rgpd-ca\/proteccio-de-dades-en-associacions-esportives-i-activitats-extraescolars-una-obligacio-que-no-pots-ignorar","og_locale":"ca_ES","og_type":"article","og_title":"Protecci\u00f3 de dades en associacions esportives i activitats extraescolars: una obligaci\u00f3 que no pots ignorar - PymeLegal","og_description":"Tens una associaci\u00f3 esportiva, club esportiu o organitzes activitats extraescolars? Aquest article sobre protecci\u00f3 de dades t'interessa.","og_url":"https:\/\/www.pymelegal.es\/ca\/noticias\/rgpd-ca\/proteccio-de-dades-en-associacions-esportives-i-activitats-extraescolars-una-obligacio-que-no-pots-ignorar","og_site_name":"PymeLegal","article_published_time":"2026-04-17T11:11:06+00:00","og_image":[{"width":1024,"height":512,"url":"https:\/\/www.pymelegal.es\/wp-content\/uploads\/2026\/04\/deporte-1024x512.png","type":"image\/png"}],"author":"PymeLegal","twitter_card":"summary_large_image","twitter_misc":{"Escrit per":"PymeLegal","Temps estimat de lectura":"3 minuts"},"schema":{"@context":"https:\/\/schema.org","@graph":[{"@type":"Article","@id":"https:\/\/www.pymelegal.es\/ca\/noticias\/rgpd-ca\/proteccio-de-dades-en-associacions-esportives-i-activitats-extraescolars-una-obligacio-que-no-pots-ignorar#article","isPartOf":{"@id":"https:\/\/www.pymelegal.es\/ca\/noticias\/rgpd-ca\/proteccio-de-dades-en-associacions-esportives-i-activitats-extraescolars-una-obligacio-que-no-pots-ignorar"},"author":{"name":"PymeLegal","@id":"https:\/\/www.pymelegal.es\/#\/schema\/person\/364442751b92f8a04fc5adde3be95c8f"},"headline":"Protecci\u00f3 de dades en associacions esportives i activitats extraescolars: una obligaci\u00f3 que no pots ignorar","datePublished":"2026-04-17T11:11:06+00:00","mainEntityOfPage":{"@id":"https:\/\/www.pymelegal.es\/ca\/noticias\/rgpd-ca\/proteccio-de-dades-en-associacions-esportives-i-activitats-extraescolars-una-obligacio-que-no-pots-ignorar"},"wordCount":644,"publisher":{"@id":"https:\/\/www.pymelegal.es\/#organization"},"image":{"@id":"https:\/\/www.pymelegal.es\/ca\/noticias\/rgpd-ca\/proteccio-de-dades-en-associacions-esportives-i-activitats-extraescolars-una-obligacio-que-no-pots-ignorar#primaryimage"},"thumbnailUrl":"https:\/\/www.pymelegal.es\/wp-content\/uploads\/2026\/04\/deporte.png","keywords":["activitats extraescolars","associaci\u00f3 esportiva","club esportiu","esport","extraescolars","proteccio de dades","RGPD"],"articleSection":["RGPD"],"inLanguage":"ca"},{"@type":"WebPage","@id":"https:\/\/www.pymelegal.es\/ca\/noticias\/rgpd-ca\/proteccio-de-dades-en-associacions-esportives-i-activitats-extraescolars-una-obligacio-que-no-pots-ignorar","url":"https:\/\/www.pymelegal.es\/ca\/noticias\/rgpd-ca\/proteccio-de-dades-en-associacions-esportives-i-activitats-extraescolars-una-obligacio-que-no-pots-ignorar","name":"Protecci\u00f3 de dades en associacions esportives i activitats extraescolars: una obligaci\u00f3 que no pots ignorar - PymeLegal","isPartOf":{"@id":"https:\/\/www.pymelegal.es\/#website"},"primaryImageOfPage":{"@id":"https:\/\/www.pymelegal.es\/ca\/noticias\/rgpd-ca\/proteccio-de-dades-en-associacions-esportives-i-activitats-extraescolars-una-obligacio-que-no-pots-ignorar#primaryimage"},"image":{"@id":"https:\/\/www.pymelegal.es\/ca\/noticias\/rgpd-ca\/proteccio-de-dades-en-associacions-esportives-i-activitats-extraescolars-una-obligacio-que-no-pots-ignorar#primaryimage"},"thumbnailUrl":"https:\/\/www.pymelegal.es\/wp-content\/uploads\/2026\/04\/deporte.png","datePublished":"2026-04-17T11:11:06+00:00","description":"Tens una associaci\u00f3 esportiva, club esportiu o organitzes activitats extraescolars? Aquest article sobre protecci\u00f3 de dades t'interessa.","breadcrumb":{"@id":"https:\/\/www.pymelegal.es\/ca\/noticias\/rgpd-ca\/proteccio-de-dades-en-associacions-esportives-i-activitats-extraescolars-una-obligacio-que-no-pots-ignorar#breadcrumb"},"inLanguage":"ca","potentialAction":[{"@type":"ReadAction","target":["https:\/\/www.pymelegal.es\/ca\/noticias\/rgpd-ca\/proteccio-de-dades-en-associacions-esportives-i-activitats-extraescolars-una-obligacio-que-no-pots-ignorar"]}]},{"@type":"ImageObject","inLanguage":"ca","@id":"https:\/\/www.pymelegal.es\/ca\/noticias\/rgpd-ca\/proteccio-de-dades-en-associacions-esportives-i-activitats-extraescolars-una-obligacio-que-no-pots-ignorar#primaryimage","url":"https:\/\/www.pymelegal.es\/wp-content\/uploads\/2026\/04\/deporte.png","contentUrl":"https:\/\/www.pymelegal.es\/wp-content\/uploads\/2026\/04\/deporte.png","width":2000,"height":1000},{"@type":"BreadcrumbList","@id":"https:\/\/www.pymelegal.es\/ca\/noticias\/rgpd-ca\/proteccio-de-dades-en-associacions-esportives-i-activitats-extraescolars-una-obligacio-que-no-pots-ignorar#breadcrumb","itemListElement":[{"@type":"ListItem","position":1,"name":"Portada","item":"https:\/\/www.pymelegal.es\/"},{"@type":"ListItem","position":2,"name":"Protecci\u00f3 de dades en associacions esportives i activitats extraescolars: una obligaci\u00f3 que no pots ignorar"}]},{"@type":"WebSite","@id":"https:\/\/www.pymelegal.es\/#website","url":"https:\/\/www.pymelegal.es\/","name":"PymeLegal","description":"Adaptaci\u00f3n LOPDGDD-RGPD-LSSICE","publisher":{"@id":"https:\/\/www.pymelegal.es\/#organization"},"potentialAction":[{"@type":"SearchAction","target":{"@type":"EntryPoint","urlTemplate":"https:\/\/www.pymelegal.es\/?s={search_term_string}"},"query-input":{"@type":"PropertyValueSpecification","valueRequired":true,"valueName":"search_term_string"}}],"inLanguage":"ca"},{"@type":"Organization","@id":"https:\/\/www.pymelegal.es\/#organization","name":"PymeLegal","url":"https:\/\/www.pymelegal.es\/","logo":{"@type":"ImageObject","inLanguage":"ca","@id":"https:\/\/www.pymelegal.es\/#\/schema\/logo\/image\/","url":"https:\/\/www.pymelegal.es\/wp-content\/uploads\/2023\/03\/cropped-logo-pymelegal-10-anys-e1678286058678.png","contentUrl":"https:\/\/www.pymelegal.es\/wp-content\/uploads\/2023\/03\/cropped-logo-pymelegal-10-anys-e1678286058678.png","width":2364,"height":694,"caption":"PymeLegal"},"image":{"@id":"https:\/\/www.pymelegal.es\/#\/schema\/logo\/image\/"}},{"@type":"Person","@id":"https:\/\/www.pymelegal.es\/#\/schema\/person\/364442751b92f8a04fc5adde3be95c8f","name":"PymeLegal","image":{"@type":"ImageObject","inLanguage":"ca","@id":"https:\/\/secure.gravatar.com\/avatar\/8114df484a5cd2738a02a5e9462b0881d50584495a20b6ddaeaa1841b1187017?s=96&d=mm&r=g","url":"https:\/\/secure.gravatar.com\/avatar\/8114df484a5cd2738a02a5e9462b0881d50584495a20b6ddaeaa1841b1187017?s=96&d=mm&r=g","contentUrl":"https:\/\/secure.gravatar.com\/avatar\/8114df484a5cd2738a02a5e9462b0881d50584495a20b6ddaeaa1841b1187017?s=96&d=mm&r=g","caption":"PymeLegal"}}]}},"_links":{"self":[{"href":"https:\/\/www.pymelegal.es\/ca\/wp-json\/wp\/v2\/posts\/17123","targetHints":{"allow":["GET"]}}],"collection":[{"href":"https:\/\/www.pymelegal.es\/ca\/wp-json\/wp\/v2\/posts"}],"about":[{"href":"https:\/\/www.pymelegal.es\/ca\/wp-json\/wp\/v2\/types\/post"}],"author":[{"embeddable":true,"href":"https:\/\/www.pymelegal.es\/ca\/wp-json\/wp\/v2\/users\/3"}],"replies":[{"embeddable":true,"href":"https:\/\/www.pymelegal.es\/ca\/wp-json\/wp\/v2\/comments?post=17123"}],"version-history":[{"count":1,"href":"https:\/\/www.pymelegal.es\/ca\/wp-json\/wp\/v2\/posts\/17123\/revisions"}],"predecessor-version":[{"id":17124,"href":"https:\/\/www.pymelegal.es\/ca\/wp-json\/wp\/v2\/posts\/17123\/revisions\/17124"}],"wp:featuredmedia":[{"embeddable":true,"href":"https:\/\/www.pymelegal.es\/ca\/wp-json\/wp\/v2\/media\/17121"}],"wp:attachment":[{"href":"https:\/\/www.pymelegal.es\/ca\/wp-json\/wp\/v2\/media?parent=17123"}],"wp:term":[{"taxonomy":"category","embeddable":true,"href":"https:\/\/www.pymelegal.es\/ca\/wp-json\/wp\/v2\/categories?post=17123"},{"taxonomy":"post_tag","embeddable":true,"href":"https:\/\/www.pymelegal.es\/ca\/wp-json\/wp\/v2\/tags?post=17123"}],"curies":[{"name":"wp","href":"https:\/\/api.w.org\/{rel}","templated":true}]}}