{"id":15773,"date":"2025-09-04T12:46:20","date_gmt":"2025-09-04T10:46:20","guid":{"rendered":"https:\/\/www.pymelegal.es\/?p=15773"},"modified":"2025-09-04T12:46:20","modified_gmt":"2025-09-04T10:46:20","slug":"que-es-el-data-act-i-qui-esta-obligat","status":"publish","type":"post","link":"https:\/\/www.pymelegal.es\/ca\/noticias\/normatives\/que-es-el-data-act-i-qui-esta-obligat","title":{"rendered":"El Data Act entra en vigor: qu\u00e8 \u00e9s i per qui \u00e9s obligatoria"},"content":{"rendered":"<h2><strong>Qu\u00e8 \u00e9s l\u2019Data Act i quan entra en vigor?<\/strong><\/h2>\n<p>El <strong>Reglament (UE) 2023\/2854<\/strong>, conegut com <strong>Data Act<\/strong>, va entrar en vigor l\u201911 de gener de 2024, per\u00f2 ser\u00e0 d\u2019aplicaci\u00f3 general a partir del <strong>12 de setembre de 2025<\/strong>.<\/p>\n<p>El seu objectiu \u00e9s fomentar la reutilitzaci\u00f3 i innovaci\u00f3 dels dades, especialment les generades per dispositius connectats (IoT), i crear un mercat \u00fanic europeu de dades.<\/p>\n<h2><strong>Objectius principals del Data Act<\/strong><\/h2>\n<ul>\n<li>Incrementar la <strong>compet\u00e8ncia i equitat<\/strong> en l\u2019economia de les dades.<\/li>\n<li>Oferir als usuaris (empreses i persones) un major control sobre les dades generades per productes connectats.<\/li>\n<li>Suprimir cl\u00e0usules abusives en contractes de dades i garantir condicions equitatives.<\/li>\n<li>Assegurar la <strong>portabilitat de dades<\/strong>: facilitar el canvi de servei sense obstacles (cloud switching).<\/li>\n<\/ul>\n<h2><strong>A qui afecta?<\/strong><\/h2>\n<ul>\n<li>Fabricants de productes connectats (IoT) i prove\u00efdors de serveis relacionats.<\/li>\n<li>Usuaris d\u2019aquests productes (empreses o consumidors).<\/li>\n<li>Prove\u00efdors de serveis de tractament de dades (IaaS, PaaS, SaaS), fins i tot fora de la UE si operen en el mercat europeu.<\/li>\n<\/ul>\n<h2><strong>Obligacions destacades<\/strong><\/h2>\n<ul>\n<li><strong>Acc\u00e9s a dades<\/strong>: els usuaris han de poder accedir i reutilitzar les dades generades per productes, tret que es comprometi la propietat industrial o secrets comercials.<\/li>\n<li><strong>Intercanvi equitatiu B2B i B2C<\/strong>: en condicions justes, no discriminat\u00f2ries i amb opcions de compensaci\u00f3 si cal.<\/li>\n<li><strong>Portabilitat i canvi de prove\u00efdor<\/strong>: els serveis cloud han de permetre migracions sense cost o obstacles t\u00e8cnics o contractuals.<\/li>\n<\/ul>\n<h2><strong>Mesures espec\u00edfiques i restriccions<\/strong><\/h2>\n<ul>\n<li>Els serveis cloud han de permetre exportar dades en formats est\u00e0ndard i sense costos addicionals.<\/li>\n<li>Protecci\u00f3 dels <strong>secrets comercials<\/strong> o la <strong>seguretat<\/strong> pot justificar suspendre l\u2019acc\u00e9s si hi ha un dany greu. L\u2019usuari pot rec\u00f3rrer a la resoluci\u00f3 de conflictes.<\/li>\n<li>Acc\u00e9s excepcional per part d\u2019organismes p\u00fablics nom\u00e9s en situacions d\u2019inter\u00e8s general, amb garanties legals.<\/li>\n<\/ul>\n<h2><strong>Relaci\u00f3 amb el RGPD i altres marcs<\/strong><\/h2>\n<p>La Data Act complementa, sense substituir, el RGPD. Quan es tracta de dades personals, el RGPD preval. Tamb\u00e9 s\u2019alinea amb la <strong>Data Governance Act<\/strong>, com a part de l\u2019estrat\u00e8gia europea de dades.<\/p>\n<h2><strong>Per qu\u00e8 \u00e9s rellevant per a les empreses?<\/strong><\/h2>\n<ul>\n<li>Obliga a revisar pol\u00edtiques de dades, contractes i disseny de productes.<\/li>\n<li>Representa una oportunitat per innovar i revaloritzar dades.<\/li>\n<li>La seva entrada en vigor el setembre requereix una preparaci\u00f3 immediata.<\/li>\n<\/ul>\n<p>&nbsp;<\/p>\n<p>L\u2019equip de PymeLegal<\/p>\n<p>&nbsp;<\/p>\n","protected":false},"excerpt":{"rendered":"<p>Qu\u00e8 \u00e9s l\u2019Data Act i quan entra en vigor? El Reglament (UE) 2023\/2854, conegut com Data Act, va entrar en vigor l\u201911 de gener de 2024, per\u00f2 ser\u00e0 d\u2019aplicaci\u00f3 general a partir del 12 de setembre de 2025. El seu objectiu \u00e9s fomentar la reutilitzaci\u00f3 i innovaci\u00f3 dels dades, especialment les generades per dispositius connectats &#8230; <a title=\"El Data Act entra en vigor: qu\u00e8 \u00e9s i per qui \u00e9s obligatoria\" class=\"read-more\" href=\"https:\/\/www.pymelegal.es\/ca\/noticias\/normatives\/que-es-el-data-act-i-qui-esta-obligat\" aria-label=\"M\u00e9s informaci\u00f3 sobre El Data Act entra en vigor: qu\u00e8 \u00e9s i per qui \u00e9s obligatoria\">Read more<\/a><\/p>\n","protected":false},"author":3,"featured_media":15771,"comment_status":"closed","ping_status":"closed","sticky":false,"template":"","format":"standard","meta":{"content-type":"","footnotes":""},"categories":[102],"tags":[840,837,334,386,237,240,838,185,839],"class_list":["post-15773","post","type-post","status-publish","format-standard","has-post-thumbnail","hentry","category-normatives","tag-data-act-ca","tag-data-governance-act","tag-empreses","tag-negocis","tag-normativa-rgpd","tag-normatives","tag-productes-connectats","tag-rgpd-ca","tag-serveis-de-tractament-de-dades"],"yoast_head":"<!-- This site is optimized with the Yoast SEO plugin v27.4 - https:\/\/yoast.com\/product\/yoast-seo-wordpress\/ -->\n<title>El Data Act entra en vigor: qu\u00e8 \u00e9s i per qui \u00e9s obligatoria - PymeLegal<\/title>\n<meta name=\"description\" content=\"\u00bfQu\u00e8 \u00e9s el Data Act i qui est\u00e0 obligat a cumplir-ho a partir de setembre del 2025? T&#039;expliquem tot en aquest article.\" \/>\n<meta name=\"robots\" content=\"index, follow, max-snippet:-1, max-image-preview:large, max-video-preview:-1\" \/>\n<link rel=\"canonical\" href=\"https:\/\/www.pymelegal.es\/ca\/noticias\/normatives\/que-es-el-data-act-i-qui-esta-obligat\" \/>\n<meta property=\"og:locale\" content=\"ca_ES\" \/>\n<meta property=\"og:type\" content=\"article\" \/>\n<meta property=\"og:title\" content=\"El Data Act entra en vigor: qu\u00e8 \u00e9s i per qui \u00e9s obligatoria - PymeLegal\" \/>\n<meta property=\"og:description\" content=\"\u00bfQu\u00e8 \u00e9s el Data Act i qui est\u00e0 obligat a cumplir-ho a partir de setembre del 2025? T&#039;expliquem tot en aquest article.\" \/>\n<meta property=\"og:url\" content=\"https:\/\/www.pymelegal.es\/ca\/noticias\/normatives\/que-es-el-data-act-i-qui-esta-obligat\" \/>\n<meta property=\"og:site_name\" content=\"PymeLegal\" \/>\n<meta property=\"article:published_time\" content=\"2025-09-04T10:46:20+00:00\" \/>\n<meta property=\"og:image\" content=\"https:\/\/www.pymelegal.es\/wp-content\/uploads\/2025\/09\/Data-Act.png\" \/>\n\t<meta property=\"og:image:width\" content=\"1200\" \/>\n\t<meta property=\"og:image:height\" content=\"600\" \/>\n\t<meta property=\"og:image:type\" content=\"image\/png\" \/>\n<meta name=\"author\" content=\"PymeLegal\" \/>\n<meta name=\"twitter:card\" content=\"summary_large_image\" \/>\n<meta name=\"twitter:label1\" content=\"Escrit per\" \/>\n\t<meta name=\"twitter:data1\" content=\"PymeLegal\" \/>\n\t<meta name=\"twitter:label2\" content=\"Temps estimat de lectura\" \/>\n\t<meta name=\"twitter:data2\" content=\"2 minuts\" \/>\n<script type=\"application\/ld+json\" class=\"yoast-schema-graph\">{\"@context\":\"https:\\\/\\\/schema.org\",\"@graph\":[{\"@type\":\"Article\",\"@id\":\"https:\\\/\\\/www.pymelegal.es\\\/ca\\\/noticias\\\/normatives\\\/que-es-el-data-act-i-qui-esta-obligat#article\",\"isPartOf\":{\"@id\":\"https:\\\/\\\/www.pymelegal.es\\\/ca\\\/noticias\\\/normatives\\\/que-es-el-data-act-i-qui-esta-obligat\"},\"author\":{\"name\":\"PymeLegal\",\"@id\":\"https:\\\/\\\/www.pymelegal.es\\\/#\\\/schema\\\/person\\\/364442751b92f8a04fc5adde3be95c8f\"},\"headline\":\"El Data Act entra en vigor: qu\u00e8 \u00e9s i per qui \u00e9s obligatoria\",\"datePublished\":\"2025-09-04T10:46:20+00:00\",\"mainEntityOfPage\":{\"@id\":\"https:\\\/\\\/www.pymelegal.es\\\/ca\\\/noticias\\\/normatives\\\/que-es-el-data-act-i-qui-esta-obligat\"},\"wordCount\":406,\"publisher\":{\"@id\":\"https:\\\/\\\/www.pymelegal.es\\\/#organization\"},\"image\":{\"@id\":\"https:\\\/\\\/www.pymelegal.es\\\/ca\\\/noticias\\\/normatives\\\/que-es-el-data-act-i-qui-esta-obligat#primaryimage\"},\"thumbnailUrl\":\"https:\\\/\\\/www.pymelegal.es\\\/wp-content\\\/uploads\\\/2025\\\/09\\\/Data-Act.png\",\"keywords\":[\"Data Act\",\"Data Governance Act\",\"empreses\",\"negocis\",\"normativa rgpd\",\"normatives\",\"productes connectats\",\"RGPD\",\"serveis de tractament de dades\"],\"articleSection\":[\"NORMATIVES\"],\"inLanguage\":\"ca\"},{\"@type\":\"WebPage\",\"@id\":\"https:\\\/\\\/www.pymelegal.es\\\/ca\\\/noticias\\\/normatives\\\/que-es-el-data-act-i-qui-esta-obligat\",\"url\":\"https:\\\/\\\/www.pymelegal.es\\\/ca\\\/noticias\\\/normatives\\\/que-es-el-data-act-i-qui-esta-obligat\",\"name\":\"El Data Act entra en vigor: qu\u00e8 \u00e9s i per qui \u00e9s obligatoria - PymeLegal\",\"isPartOf\":{\"@id\":\"https:\\\/\\\/www.pymelegal.es\\\/#website\"},\"primaryImageOfPage\":{\"@id\":\"https:\\\/\\\/www.pymelegal.es\\\/ca\\\/noticias\\\/normatives\\\/que-es-el-data-act-i-qui-esta-obligat#primaryimage\"},\"image\":{\"@id\":\"https:\\\/\\\/www.pymelegal.es\\\/ca\\\/noticias\\\/normatives\\\/que-es-el-data-act-i-qui-esta-obligat#primaryimage\"},\"thumbnailUrl\":\"https:\\\/\\\/www.pymelegal.es\\\/wp-content\\\/uploads\\\/2025\\\/09\\\/Data-Act.png\",\"datePublished\":\"2025-09-04T10:46:20+00:00\",\"description\":\"\u00bfQu\u00e8 \u00e9s el Data Act i qui est\u00e0 obligat a cumplir-ho a partir de setembre del 2025? T'expliquem tot en aquest article.\",\"breadcrumb\":{\"@id\":\"https:\\\/\\\/www.pymelegal.es\\\/ca\\\/noticias\\\/normatives\\\/que-es-el-data-act-i-qui-esta-obligat#breadcrumb\"},\"inLanguage\":\"ca\",\"potentialAction\":[{\"@type\":\"ReadAction\",\"target\":[\"https:\\\/\\\/www.pymelegal.es\\\/ca\\\/noticias\\\/normatives\\\/que-es-el-data-act-i-qui-esta-obligat\"]}]},{\"@type\":\"ImageObject\",\"inLanguage\":\"ca\",\"@id\":\"https:\\\/\\\/www.pymelegal.es\\\/ca\\\/noticias\\\/normatives\\\/que-es-el-data-act-i-qui-esta-obligat#primaryimage\",\"url\":\"https:\\\/\\\/www.pymelegal.es\\\/wp-content\\\/uploads\\\/2025\\\/09\\\/Data-Act.png\",\"contentUrl\":\"https:\\\/\\\/www.pymelegal.es\\\/wp-content\\\/uploads\\\/2025\\\/09\\\/Data-Act.png\",\"width\":1200,\"height\":600},{\"@type\":\"BreadcrumbList\",\"@id\":\"https:\\\/\\\/www.pymelegal.es\\\/ca\\\/noticias\\\/normatives\\\/que-es-el-data-act-i-qui-esta-obligat#breadcrumb\",\"itemListElement\":[{\"@type\":\"ListItem\",\"position\":1,\"name\":\"Portada\",\"item\":\"https:\\\/\\\/www.pymelegal.es\\\/\"},{\"@type\":\"ListItem\",\"position\":2,\"name\":\"El Data Act entra en vigor: qu\u00e8 \u00e9s i per qui \u00e9s obligatoria\"}]},{\"@type\":\"WebSite\",\"@id\":\"https:\\\/\\\/www.pymelegal.es\\\/#website\",\"url\":\"https:\\\/\\\/www.pymelegal.es\\\/\",\"name\":\"PymeLegal\",\"description\":\"Adaptaci\u00f3n LOPDGDD-RGPD-LSSICE\",\"publisher\":{\"@id\":\"https:\\\/\\\/www.pymelegal.es\\\/#organization\"},\"potentialAction\":[{\"@type\":\"SearchAction\",\"target\":{\"@type\":\"EntryPoint\",\"urlTemplate\":\"https:\\\/\\\/www.pymelegal.es\\\/?s={search_term_string}\"},\"query-input\":{\"@type\":\"PropertyValueSpecification\",\"valueRequired\":true,\"valueName\":\"search_term_string\"}}],\"inLanguage\":\"ca\"},{\"@type\":\"Organization\",\"@id\":\"https:\\\/\\\/www.pymelegal.es\\\/#organization\",\"name\":\"PymeLegal\",\"url\":\"https:\\\/\\\/www.pymelegal.es\\\/\",\"logo\":{\"@type\":\"ImageObject\",\"inLanguage\":\"ca\",\"@id\":\"https:\\\/\\\/www.pymelegal.es\\\/#\\\/schema\\\/logo\\\/image\\\/\",\"url\":\"https:\\\/\\\/www.pymelegal.es\\\/wp-content\\\/uploads\\\/2023\\\/03\\\/cropped-logo-pymelegal-10-anys-e1678286058678.png\",\"contentUrl\":\"https:\\\/\\\/www.pymelegal.es\\\/wp-content\\\/uploads\\\/2023\\\/03\\\/cropped-logo-pymelegal-10-anys-e1678286058678.png\",\"width\":2364,\"height\":694,\"caption\":\"PymeLegal\"},\"image\":{\"@id\":\"https:\\\/\\\/www.pymelegal.es\\\/#\\\/schema\\\/logo\\\/image\\\/\"}},{\"@type\":\"Person\",\"@id\":\"https:\\\/\\\/www.pymelegal.es\\\/#\\\/schema\\\/person\\\/364442751b92f8a04fc5adde3be95c8f\",\"name\":\"PymeLegal\",\"image\":{\"@type\":\"ImageObject\",\"inLanguage\":\"ca\",\"@id\":\"https:\\\/\\\/secure.gravatar.com\\\/avatar\\\/8114df484a5cd2738a02a5e9462b0881d50584495a20b6ddaeaa1841b1187017?s=96&d=mm&r=g\",\"url\":\"https:\\\/\\\/secure.gravatar.com\\\/avatar\\\/8114df484a5cd2738a02a5e9462b0881d50584495a20b6ddaeaa1841b1187017?s=96&d=mm&r=g\",\"contentUrl\":\"https:\\\/\\\/secure.gravatar.com\\\/avatar\\\/8114df484a5cd2738a02a5e9462b0881d50584495a20b6ddaeaa1841b1187017?s=96&d=mm&r=g\",\"caption\":\"PymeLegal\"}}]}<\/script>\n<!-- \/ Yoast SEO plugin. -->","yoast_head_json":{"title":"El Data Act entra en vigor: qu\u00e8 \u00e9s i per qui \u00e9s obligatoria - PymeLegal","description":"\u00bfQu\u00e8 \u00e9s el Data Act i qui est\u00e0 obligat a cumplir-ho a partir de setembre del 2025? T'expliquem tot en aquest article.","robots":{"index":"index","follow":"follow","max-snippet":"max-snippet:-1","max-image-preview":"max-image-preview:large","max-video-preview":"max-video-preview:-1"},"canonical":"https:\/\/www.pymelegal.es\/ca\/noticias\/normatives\/que-es-el-data-act-i-qui-esta-obligat","og_locale":"ca_ES","og_type":"article","og_title":"El Data Act entra en vigor: qu\u00e8 \u00e9s i per qui \u00e9s obligatoria - PymeLegal","og_description":"\u00bfQu\u00e8 \u00e9s el Data Act i qui est\u00e0 obligat a cumplir-ho a partir de setembre del 2025? T'expliquem tot en aquest article.","og_url":"https:\/\/www.pymelegal.es\/ca\/noticias\/normatives\/que-es-el-data-act-i-qui-esta-obligat","og_site_name":"PymeLegal","article_published_time":"2025-09-04T10:46:20+00:00","og_image":[{"width":1200,"height":600,"url":"https:\/\/www.pymelegal.es\/wp-content\/uploads\/2025\/09\/Data-Act.png","type":"image\/png"}],"author":"PymeLegal","twitter_card":"summary_large_image","twitter_misc":{"Escrit per":"PymeLegal","Temps estimat de lectura":"2 minuts"},"schema":{"@context":"https:\/\/schema.org","@graph":[{"@type":"Article","@id":"https:\/\/www.pymelegal.es\/ca\/noticias\/normatives\/que-es-el-data-act-i-qui-esta-obligat#article","isPartOf":{"@id":"https:\/\/www.pymelegal.es\/ca\/noticias\/normatives\/que-es-el-data-act-i-qui-esta-obligat"},"author":{"name":"PymeLegal","@id":"https:\/\/www.pymelegal.es\/#\/schema\/person\/364442751b92f8a04fc5adde3be95c8f"},"headline":"El Data Act entra en vigor: qu\u00e8 \u00e9s i per qui \u00e9s obligatoria","datePublished":"2025-09-04T10:46:20+00:00","mainEntityOfPage":{"@id":"https:\/\/www.pymelegal.es\/ca\/noticias\/normatives\/que-es-el-data-act-i-qui-esta-obligat"},"wordCount":406,"publisher":{"@id":"https:\/\/www.pymelegal.es\/#organization"},"image":{"@id":"https:\/\/www.pymelegal.es\/ca\/noticias\/normatives\/que-es-el-data-act-i-qui-esta-obligat#primaryimage"},"thumbnailUrl":"https:\/\/www.pymelegal.es\/wp-content\/uploads\/2025\/09\/Data-Act.png","keywords":["Data Act","Data Governance Act","empreses","negocis","normativa rgpd","normatives","productes connectats","RGPD","serveis de tractament de dades"],"articleSection":["NORMATIVES"],"inLanguage":"ca"},{"@type":"WebPage","@id":"https:\/\/www.pymelegal.es\/ca\/noticias\/normatives\/que-es-el-data-act-i-qui-esta-obligat","url":"https:\/\/www.pymelegal.es\/ca\/noticias\/normatives\/que-es-el-data-act-i-qui-esta-obligat","name":"El Data Act entra en vigor: qu\u00e8 \u00e9s i per qui \u00e9s obligatoria - PymeLegal","isPartOf":{"@id":"https:\/\/www.pymelegal.es\/#website"},"primaryImageOfPage":{"@id":"https:\/\/www.pymelegal.es\/ca\/noticias\/normatives\/que-es-el-data-act-i-qui-esta-obligat#primaryimage"},"image":{"@id":"https:\/\/www.pymelegal.es\/ca\/noticias\/normatives\/que-es-el-data-act-i-qui-esta-obligat#primaryimage"},"thumbnailUrl":"https:\/\/www.pymelegal.es\/wp-content\/uploads\/2025\/09\/Data-Act.png","datePublished":"2025-09-04T10:46:20+00:00","description":"\u00bfQu\u00e8 \u00e9s el Data Act i qui est\u00e0 obligat a cumplir-ho a partir de setembre del 2025? T'expliquem tot en aquest article.","breadcrumb":{"@id":"https:\/\/www.pymelegal.es\/ca\/noticias\/normatives\/que-es-el-data-act-i-qui-esta-obligat#breadcrumb"},"inLanguage":"ca","potentialAction":[{"@type":"ReadAction","target":["https:\/\/www.pymelegal.es\/ca\/noticias\/normatives\/que-es-el-data-act-i-qui-esta-obligat"]}]},{"@type":"ImageObject","inLanguage":"ca","@id":"https:\/\/www.pymelegal.es\/ca\/noticias\/normatives\/que-es-el-data-act-i-qui-esta-obligat#primaryimage","url":"https:\/\/www.pymelegal.es\/wp-content\/uploads\/2025\/09\/Data-Act.png","contentUrl":"https:\/\/www.pymelegal.es\/wp-content\/uploads\/2025\/09\/Data-Act.png","width":1200,"height":600},{"@type":"BreadcrumbList","@id":"https:\/\/www.pymelegal.es\/ca\/noticias\/normatives\/que-es-el-data-act-i-qui-esta-obligat#breadcrumb","itemListElement":[{"@type":"ListItem","position":1,"name":"Portada","item":"https:\/\/www.pymelegal.es\/"},{"@type":"ListItem","position":2,"name":"El Data Act entra en vigor: qu\u00e8 \u00e9s i per qui \u00e9s obligatoria"}]},{"@type":"WebSite","@id":"https:\/\/www.pymelegal.es\/#website","url":"https:\/\/www.pymelegal.es\/","name":"PymeLegal","description":"Adaptaci\u00f3n LOPDGDD-RGPD-LSSICE","publisher":{"@id":"https:\/\/www.pymelegal.es\/#organization"},"potentialAction":[{"@type":"SearchAction","target":{"@type":"EntryPoint","urlTemplate":"https:\/\/www.pymelegal.es\/?s={search_term_string}"},"query-input":{"@type":"PropertyValueSpecification","valueRequired":true,"valueName":"search_term_string"}}],"inLanguage":"ca"},{"@type":"Organization","@id":"https:\/\/www.pymelegal.es\/#organization","name":"PymeLegal","url":"https:\/\/www.pymelegal.es\/","logo":{"@type":"ImageObject","inLanguage":"ca","@id":"https:\/\/www.pymelegal.es\/#\/schema\/logo\/image\/","url":"https:\/\/www.pymelegal.es\/wp-content\/uploads\/2023\/03\/cropped-logo-pymelegal-10-anys-e1678286058678.png","contentUrl":"https:\/\/www.pymelegal.es\/wp-content\/uploads\/2023\/03\/cropped-logo-pymelegal-10-anys-e1678286058678.png","width":2364,"height":694,"caption":"PymeLegal"},"image":{"@id":"https:\/\/www.pymelegal.es\/#\/schema\/logo\/image\/"}},{"@type":"Person","@id":"https:\/\/www.pymelegal.es\/#\/schema\/person\/364442751b92f8a04fc5adde3be95c8f","name":"PymeLegal","image":{"@type":"ImageObject","inLanguage":"ca","@id":"https:\/\/secure.gravatar.com\/avatar\/8114df484a5cd2738a02a5e9462b0881d50584495a20b6ddaeaa1841b1187017?s=96&d=mm&r=g","url":"https:\/\/secure.gravatar.com\/avatar\/8114df484a5cd2738a02a5e9462b0881d50584495a20b6ddaeaa1841b1187017?s=96&d=mm&r=g","contentUrl":"https:\/\/secure.gravatar.com\/avatar\/8114df484a5cd2738a02a5e9462b0881d50584495a20b6ddaeaa1841b1187017?s=96&d=mm&r=g","caption":"PymeLegal"}}]}},"_links":{"self":[{"href":"https:\/\/www.pymelegal.es\/ca\/wp-json\/wp\/v2\/posts\/15773","targetHints":{"allow":["GET"]}}],"collection":[{"href":"https:\/\/www.pymelegal.es\/ca\/wp-json\/wp\/v2\/posts"}],"about":[{"href":"https:\/\/www.pymelegal.es\/ca\/wp-json\/wp\/v2\/types\/post"}],"author":[{"embeddable":true,"href":"https:\/\/www.pymelegal.es\/ca\/wp-json\/wp\/v2\/users\/3"}],"replies":[{"embeddable":true,"href":"https:\/\/www.pymelegal.es\/ca\/wp-json\/wp\/v2\/comments?post=15773"}],"version-history":[{"count":1,"href":"https:\/\/www.pymelegal.es\/ca\/wp-json\/wp\/v2\/posts\/15773\/revisions"}],"predecessor-version":[{"id":15774,"href":"https:\/\/www.pymelegal.es\/ca\/wp-json\/wp\/v2\/posts\/15773\/revisions\/15774"}],"wp:featuredmedia":[{"embeddable":true,"href":"https:\/\/www.pymelegal.es\/ca\/wp-json\/wp\/v2\/media\/15771"}],"wp:attachment":[{"href":"https:\/\/www.pymelegal.es\/ca\/wp-json\/wp\/v2\/media?parent=15773"}],"wp:term":[{"taxonomy":"category","embeddable":true,"href":"https:\/\/www.pymelegal.es\/ca\/wp-json\/wp\/v2\/categories?post=15773"},{"taxonomy":"post_tag","embeddable":true,"href":"https:\/\/www.pymelegal.es\/ca\/wp-json\/wp\/v2\/tags?post=15773"}],"curies":[{"name":"wp","href":"https:\/\/api.w.org\/{rel}","templated":true}]}}