{"id":13659,"date":"2025-01-29T13:07:31","date_gmt":"2025-01-29T12:07:31","guid":{"rendered":"https:\/\/www.pymelegal.es\/?p=13659"},"modified":"2025-01-31T12:13:32","modified_gmt":"2025-01-31T11:13:32","slug":"errors-comuns-en-registrar-la-teva-marca-i-com-evitar-los","status":"publish","type":"post","link":"https:\/\/www.pymelegal.es\/ca\/noticias\/registre-de-marques\/errors-comuns-en-registrar-la-teva-marca-i-com-evitar-los","title":{"rendered":"Errors comuns en registrar la teva marca i com evitar-los"},"content":{"rendered":"<p>Registrar la teva marca \u00e9s un pas essencial per a <strong>protegir el teu negoci i diferenciar-te de la compet\u00e8ncia<\/strong>. No obstant aix\u00f2, molts emprenedors i empreses cometen errors que poden retardar el proc\u00e9s o, pitjor encara, deixar la seva marca desprotegida.<\/p>\n<p>En aquest article, et comptem els errors m\u00e9s comuns en registrar la teva marca i com evitar-los.<\/p>\n<h2><strong>No realitzar una cerca pr\u00e8via d&#8217;antecedents de marca<\/strong><\/h2>\n<p>Un dels errors m\u00e9s comuns \u00e9s <strong>no comprovar si el nom o logo que desitges registrar ja est\u00e0 en \u00fas<\/strong>. Aix\u00f2 pot derivar en un rebuig de la sol\u00b7licitud o fins i tot en problemes legals per plagi de marca.<\/p>\n<p><strong>Com evitar-ho:<\/strong> Abans d&#8217;iniciar el registre de marca, <strong>realitza una cerca en la base de dades de la OEPM<\/strong> (Oficina Espanyola de Patents i Marques) per a garantir que el teu nom \u00e9s \u00fanic o <strong><a href=\"https:\/\/buy.stripe.com\/aEU7tI6Z79JMg3ScMQ\">sol\u00b7licita&#8217;ns una avaluaci\u00f3 pr\u00e8via<\/a><\/strong> i t&#8217;atendr\u00e0 un expert en registre de marca a Barcelona, que realitzar\u00e0 tot el proc\u00e9s per tu.<\/p>\n<h2><strong>Triar una marca gen\u00e8rica o massa descriptiva<\/strong><\/h2>\n<p>Registrar una marca massa gen\u00e8rica (exemple: &#8220;Sabates de cuir&#8221; per a una botiga de cal\u00e7at) pot generar problemes, ja que <strong>no tindr\u00e0s drets exclusius sobre termes comuns del sector<\/strong>.<\/p>\n<p><strong>Com evitar-ho:<\/strong> Opta per un <strong>nom de marca distintiu i original<\/strong> que reflecteixi la identitat del teu negoci i sigui f\u00e0cil de recordar.<\/p>\n<h2><strong>No registrar el logo juntament amb el nom<\/strong><\/h2>\n<p>Moltes empreses protegeixen el seu nom per\u00f2 <strong>obliden registrar el seu logo<\/strong>, la qual cosa permet que <strong>altres negocis puguin usar una imatge similar<\/strong> sense infringir la protecci\u00f3 de la marca.<\/p>\n<p><strong>Com evitar-ho:<\/strong> Si el teu logo \u00e9s part essencial de la teva identitat de marca, assegura&#8217;t de registrar-lo juntament amb el nom per a obtenir una protecci\u00f3 completa.<\/p>\n<h2><strong>Triar una classificaci\u00f3 err\u00f2nia<\/strong><\/h2>\n<p>El registre de marca es realitza per classes segons el tipus de producte o servei que ofereix la teva empresa. Triar una <strong>categoria incorrecta pot limitar la teva protecci\u00f3 o fer que el teu registre sigui inv\u00e0lid<\/strong>.<\/p>\n<p><strong>Com evitar-ho:<\/strong> Consulta amb un especialista en protecci\u00f3 de la marca per a seleccionar la classe adequada segons la <strong>Classificaci\u00f3 de Ni\u00e7a<\/strong>. En el nostre equip tenim diverses advocades expertes en registre de marca que gestionaran aquest tr\u00e0mit perqu\u00e8 seleccionis la classe o classes espec\u00edfiques.<\/p>\n<h2><strong>No renovar el registre de la marca<\/strong><\/h2>\n<p>El registre de marca <strong>no \u00e9s permanent i ha de renovar-se cada 10 anys<\/strong>. Si no ho fas, podries perdre la titularitat de la teva marca i deixar-la vulnerable al fet que uns altres la registrin. Aquest per\u00edode \u00e9s tant per a registre de marques a Espanya, com a Europa o internacionals.<\/p>\n<p><strong>Com evitar-ho:<\/strong> Marca en el teu calendari les dates de renovaci\u00f3 (cada 10 anys) per mantener al dia la teva protecci\u00f3 de la marca.<\/p>\n<h2><strong>No registrar la marca en altres pa\u00efsos<\/strong><\/h2>\n<p>Si planeges expandir el teu negoci a nivell internacional, nom\u00e9s registrar la teva marca a Espanya no et protegir\u00e0 en altres pa\u00efsos.<\/p>\n<p>Pots registrar la teva marca a <strong>Espanya, Europa o de manera internacional<\/strong>. Recorda que si la teva marca est\u00e0 al Regne Unit, l&#8217;haur\u00e0s de registrar de manera internacional perqu\u00e8 estigui protegida, ja que no pertany a la Uni\u00f3 Europea.<\/p>\n<p><strong>Com evitar-ho:<\/strong> Considera el registre de la teva marca a nivell europeu a trav\u00e9s de la EUIPO o en altres pa\u00efsos on planeges operar. En <strong>PymeLegal et <a href=\"https:\/\/www.pymelegal.es\/ca\/registre-marques\">registrem la marca en tots els pa\u00efsos<\/a><\/strong> que necessitis, perqu\u00e8 no hagis de realitzar aquesta gesti\u00f3.<\/p>\n<h2><strong>No comptar amb assessorament professional<\/strong><\/h2>\n<p>Molts negocis intenten <strong>registrar la seva marca per compte propi sense con\u00e8ixer els requisits legals<\/strong>, la qual cosa pot derivar en errors que compliquin el proc\u00e9s.<\/p>\n<p><strong>Com evitar-ho:<\/strong> Comptar amb un especialista en registre de marca pot estalviar-te temps i evitar problemes legals en el futur. Per aix\u00f2 en <strong>PymeLegal t&#8217;estalviem aquest esfor\u00e7<\/strong> i ho fem tot per tu.<\/p>\n<p>&nbsp;<\/p>\n<p>Registrar la teva marca correctament \u00e9s fonamental per a <strong>protegir el teu negoci i evitar problemes legals en el futur<\/strong>. Evitar aquests errors et permetr\u00e0 obtenir una <strong>protecci\u00f3 de la marca i assegurar que el teu nom i logo estiguin a resguard<\/strong> d&#8217;infraccions i plagis.<\/p>\n<p>Si vols registrar la teva marca, no dubtis a <strong><a href=\"https:\/\/www.pymelegal.es\/ca\/registre-marques\">sol\u00b7licitar-nos informaci\u00f3<\/a><\/strong> perqu\u00e8 t&#8217;acompanyem i guiem en aquest proc\u00e9s.<\/p>\n<p>L&#8217;equip de <strong><a href=\"https:\/\/www.pymelegal.es\/ca\/contactar-lopd\">PymeLegal<\/a><\/strong><\/p>\n","protected":false},"excerpt":{"rendered":"<p>Registrar la teva marca \u00e9s un pas essencial per a protegir el teu negoci i diferenciar-te de la compet\u00e8ncia. No obstant aix\u00f2, molts emprenedors i empreses cometen errors que poden retardar el proc\u00e9s o, pitjor encara, deixar la seva marca desprotegida. En aquest article, et comptem els errors m\u00e9s comuns en registrar la teva marca &#8230; <a title=\"Errors comuns en registrar la teva marca i com evitar-los\" class=\"read-more\" href=\"https:\/\/www.pymelegal.es\/ca\/noticias\/registre-de-marques\/errors-comuns-en-registrar-la-teva-marca-i-com-evitar-los\" aria-label=\"M\u00e9s informaci\u00f3 sobre Errors comuns en registrar la teva marca i com evitar-los\">Read more<\/a><\/p>\n","protected":false},"author":3,"featured_media":13657,"comment_status":"closed","ping_status":"closed","sticky":false,"template":"","format":"standard","meta":{"content-type":"","footnotes":""},"categories":[93],"tags":[334,727,431,725,213,375,726,430,402,215],"class_list":["post-13659","post","type-post","status-publish","format-standard","has-post-thumbnail","hentry","category-registre-de-marques","tag-empreses","tag-logo-ca","tag-marca-ca","tag-nom-dempresa","tag-patents","tag-pimes","tag-registrar-logo","tag-registrar-marca-ca","tag-registre-de-marca","tag-registre-de-marques"],"yoast_head":"<!-- This site is optimized with the Yoast SEO plugin v27.5 - https:\/\/yoast.com\/product\/yoast-seo-wordpress\/ -->\n<title>Errors comuns en registrar la teva marca i com evitar-los - PymeLegal<\/title>\n<meta name=\"description\" content=\"Vols registrar la teva marca a Espanya, Europa o de forma internacional? T&#039;expliquem quins s\u00f3n els errors m\u00e9s habituals i com t&#039;ajudem.\" \/>\n<meta name=\"robots\" content=\"index, follow, max-snippet:-1, max-image-preview:large, max-video-preview:-1\" \/>\n<link rel=\"canonical\" href=\"https:\/\/www.pymelegal.es\/ca\/noticias\/registre-de-marques\/errors-comuns-en-registrar-la-teva-marca-i-com-evitar-los\" \/>\n<meta property=\"og:locale\" content=\"ca_ES\" \/>\n<meta property=\"og:type\" content=\"article\" \/>\n<meta property=\"og:title\" content=\"Errors comuns en registrar la teva marca i com evitar-los - PymeLegal\" \/>\n<meta property=\"og:description\" content=\"Vols registrar la teva marca a Espanya, Europa o de forma internacional? T&#039;expliquem quins s\u00f3n els errors m\u00e9s habituals i com t&#039;ajudem.\" \/>\n<meta property=\"og:url\" content=\"https:\/\/www.pymelegal.es\/ca\/noticias\/registre-de-marques\/errors-comuns-en-registrar-la-teva-marca-i-com-evitar-los\" \/>\n<meta property=\"og:site_name\" content=\"PymeLegal\" \/>\n<meta property=\"article:published_time\" content=\"2025-01-29T12:07:31+00:00\" \/>\n<meta property=\"article:modified_time\" content=\"2025-01-31T11:13:32+00:00\" \/>\n<meta property=\"og:image\" content=\"https:\/\/www.pymelegal.es\/wp-content\/uploads\/2025\/01\/Registro-de-marca-1.png\" \/>\n\t<meta property=\"og:image:width\" content=\"800\" \/>\n\t<meta property=\"og:image:height\" content=\"400\" \/>\n\t<meta property=\"og:image:type\" content=\"image\/png\" \/>\n<meta name=\"author\" content=\"PymeLegal\" \/>\n<meta name=\"twitter:card\" content=\"summary_large_image\" \/>\n<meta name=\"twitter:label1\" content=\"Escrit per\" \/>\n\t<meta name=\"twitter:data1\" content=\"PymeLegal\" \/>\n\t<meta name=\"twitter:label2\" content=\"Temps estimat de lectura\" \/>\n\t<meta name=\"twitter:data2\" content=\"4 minuts\" \/>\n<script type=\"application\/ld+json\" class=\"yoast-schema-graph\">{\"@context\":\"https:\\\/\\\/schema.org\",\"@graph\":[{\"@type\":\"Article\",\"@id\":\"https:\\\/\\\/www.pymelegal.es\\\/ca\\\/noticias\\\/registre-de-marques\\\/errors-comuns-en-registrar-la-teva-marca-i-com-evitar-los#article\",\"isPartOf\":{\"@id\":\"https:\\\/\\\/www.pymelegal.es\\\/ca\\\/noticias\\\/registre-de-marques\\\/errors-comuns-en-registrar-la-teva-marca-i-com-evitar-los\"},\"author\":{\"name\":\"PymeLegal\",\"@id\":\"https:\\\/\\\/www.pymelegal.es\\\/#\\\/schema\\\/person\\\/364442751b92f8a04fc5adde3be95c8f\"},\"headline\":\"Errors comuns en registrar la teva marca i com evitar-los\",\"datePublished\":\"2025-01-29T12:07:31+00:00\",\"dateModified\":\"2025-01-31T11:13:32+00:00\",\"mainEntityOfPage\":{\"@id\":\"https:\\\/\\\/www.pymelegal.es\\\/ca\\\/noticias\\\/registre-de-marques\\\/errors-comuns-en-registrar-la-teva-marca-i-com-evitar-los\"},\"wordCount\":748,\"publisher\":{\"@id\":\"https:\\\/\\\/www.pymelegal.es\\\/#organization\"},\"image\":{\"@id\":\"https:\\\/\\\/www.pymelegal.es\\\/ca\\\/noticias\\\/registre-de-marques\\\/errors-comuns-en-registrar-la-teva-marca-i-com-evitar-los#primaryimage\"},\"thumbnailUrl\":\"https:\\\/\\\/www.pymelegal.es\\\/wp-content\\\/uploads\\\/2025\\\/01\\\/Registro-de-marca-1.png\",\"keywords\":[\"empreses\",\"logo\",\"marca\",\"nom d'empresa\",\"patents\",\"Pimes\",\"registrar logo\",\"registrar marca\",\"registre de marca\",\"registre de marques\"],\"articleSection\":[\"REGISTRE DE MARQUES\"],\"inLanguage\":\"ca\"},{\"@type\":\"WebPage\",\"@id\":\"https:\\\/\\\/www.pymelegal.es\\\/ca\\\/noticias\\\/registre-de-marques\\\/errors-comuns-en-registrar-la-teva-marca-i-com-evitar-los\",\"url\":\"https:\\\/\\\/www.pymelegal.es\\\/ca\\\/noticias\\\/registre-de-marques\\\/errors-comuns-en-registrar-la-teva-marca-i-com-evitar-los\",\"name\":\"Errors comuns en registrar la teva marca i com evitar-los - PymeLegal\",\"isPartOf\":{\"@id\":\"https:\\\/\\\/www.pymelegal.es\\\/#website\"},\"primaryImageOfPage\":{\"@id\":\"https:\\\/\\\/www.pymelegal.es\\\/ca\\\/noticias\\\/registre-de-marques\\\/errors-comuns-en-registrar-la-teva-marca-i-com-evitar-los#primaryimage\"},\"image\":{\"@id\":\"https:\\\/\\\/www.pymelegal.es\\\/ca\\\/noticias\\\/registre-de-marques\\\/errors-comuns-en-registrar-la-teva-marca-i-com-evitar-los#primaryimage\"},\"thumbnailUrl\":\"https:\\\/\\\/www.pymelegal.es\\\/wp-content\\\/uploads\\\/2025\\\/01\\\/Registro-de-marca-1.png\",\"datePublished\":\"2025-01-29T12:07:31+00:00\",\"dateModified\":\"2025-01-31T11:13:32+00:00\",\"description\":\"Vols registrar la teva marca a Espanya, Europa o de forma internacional? T'expliquem quins s\u00f3n els errors m\u00e9s habituals i com t'ajudem.\",\"breadcrumb\":{\"@id\":\"https:\\\/\\\/www.pymelegal.es\\\/ca\\\/noticias\\\/registre-de-marques\\\/errors-comuns-en-registrar-la-teva-marca-i-com-evitar-los#breadcrumb\"},\"inLanguage\":\"ca\",\"potentialAction\":[{\"@type\":\"ReadAction\",\"target\":[\"https:\\\/\\\/www.pymelegal.es\\\/ca\\\/noticias\\\/registre-de-marques\\\/errors-comuns-en-registrar-la-teva-marca-i-com-evitar-los\"]}]},{\"@type\":\"ImageObject\",\"inLanguage\":\"ca\",\"@id\":\"https:\\\/\\\/www.pymelegal.es\\\/ca\\\/noticias\\\/registre-de-marques\\\/errors-comuns-en-registrar-la-teva-marca-i-com-evitar-los#primaryimage\",\"url\":\"https:\\\/\\\/www.pymelegal.es\\\/wp-content\\\/uploads\\\/2025\\\/01\\\/Registro-de-marca-1.png\",\"contentUrl\":\"https:\\\/\\\/www.pymelegal.es\\\/wp-content\\\/uploads\\\/2025\\\/01\\\/Registro-de-marca-1.png\",\"width\":800,\"height\":400},{\"@type\":\"BreadcrumbList\",\"@id\":\"https:\\\/\\\/www.pymelegal.es\\\/ca\\\/noticias\\\/registre-de-marques\\\/errors-comuns-en-registrar-la-teva-marca-i-com-evitar-los#breadcrumb\",\"itemListElement\":[{\"@type\":\"ListItem\",\"position\":1,\"name\":\"Portada\",\"item\":\"https:\\\/\\\/www.pymelegal.es\\\/\"},{\"@type\":\"ListItem\",\"position\":2,\"name\":\"Errors comuns en registrar la teva marca i com evitar-los\"}]},{\"@type\":\"WebSite\",\"@id\":\"https:\\\/\\\/www.pymelegal.es\\\/#website\",\"url\":\"https:\\\/\\\/www.pymelegal.es\\\/\",\"name\":\"PymeLegal\",\"description\":\"Adaptaci\u00f3n LOPDGDD-RGPD-LSSICE\",\"publisher\":{\"@id\":\"https:\\\/\\\/www.pymelegal.es\\\/#organization\"},\"potentialAction\":[{\"@type\":\"SearchAction\",\"target\":{\"@type\":\"EntryPoint\",\"urlTemplate\":\"https:\\\/\\\/www.pymelegal.es\\\/?s={search_term_string}\"},\"query-input\":{\"@type\":\"PropertyValueSpecification\",\"valueRequired\":true,\"valueName\":\"search_term_string\"}}],\"inLanguage\":\"ca\"},{\"@type\":\"Organization\",\"@id\":\"https:\\\/\\\/www.pymelegal.es\\\/#organization\",\"name\":\"PymeLegal\",\"url\":\"https:\\\/\\\/www.pymelegal.es\\\/\",\"logo\":{\"@type\":\"ImageObject\",\"inLanguage\":\"ca\",\"@id\":\"https:\\\/\\\/www.pymelegal.es\\\/#\\\/schema\\\/logo\\\/image\\\/\",\"url\":\"https:\\\/\\\/www.pymelegal.es\\\/wp-content\\\/uploads\\\/2023\\\/03\\\/cropped-logo-pymelegal-10-anys-e1678286058678.png\",\"contentUrl\":\"https:\\\/\\\/www.pymelegal.es\\\/wp-content\\\/uploads\\\/2023\\\/03\\\/cropped-logo-pymelegal-10-anys-e1678286058678.png\",\"width\":2364,\"height\":694,\"caption\":\"PymeLegal\"},\"image\":{\"@id\":\"https:\\\/\\\/www.pymelegal.es\\\/#\\\/schema\\\/logo\\\/image\\\/\"}},{\"@type\":\"Person\",\"@id\":\"https:\\\/\\\/www.pymelegal.es\\\/#\\\/schema\\\/person\\\/364442751b92f8a04fc5adde3be95c8f\",\"name\":\"PymeLegal\",\"image\":{\"@type\":\"ImageObject\",\"inLanguage\":\"ca\",\"@id\":\"https:\\\/\\\/secure.gravatar.com\\\/avatar\\\/8114df484a5cd2738a02a5e9462b0881d50584495a20b6ddaeaa1841b1187017?s=96&d=mm&r=g\",\"url\":\"https:\\\/\\\/secure.gravatar.com\\\/avatar\\\/8114df484a5cd2738a02a5e9462b0881d50584495a20b6ddaeaa1841b1187017?s=96&d=mm&r=g\",\"contentUrl\":\"https:\\\/\\\/secure.gravatar.com\\\/avatar\\\/8114df484a5cd2738a02a5e9462b0881d50584495a20b6ddaeaa1841b1187017?s=96&d=mm&r=g\",\"caption\":\"PymeLegal\"}}]}<\/script>\n<!-- \/ Yoast SEO plugin. -->","yoast_head_json":{"title":"Errors comuns en registrar la teva marca i com evitar-los - PymeLegal","description":"Vols registrar la teva marca a Espanya, Europa o de forma internacional? T'expliquem quins s\u00f3n els errors m\u00e9s habituals i com t'ajudem.","robots":{"index":"index","follow":"follow","max-snippet":"max-snippet:-1","max-image-preview":"max-image-preview:large","max-video-preview":"max-video-preview:-1"},"canonical":"https:\/\/www.pymelegal.es\/ca\/noticias\/registre-de-marques\/errors-comuns-en-registrar-la-teva-marca-i-com-evitar-los","og_locale":"ca_ES","og_type":"article","og_title":"Errors comuns en registrar la teva marca i com evitar-los - PymeLegal","og_description":"Vols registrar la teva marca a Espanya, Europa o de forma internacional? T'expliquem quins s\u00f3n els errors m\u00e9s habituals i com t'ajudem.","og_url":"https:\/\/www.pymelegal.es\/ca\/noticias\/registre-de-marques\/errors-comuns-en-registrar-la-teva-marca-i-com-evitar-los","og_site_name":"PymeLegal","article_published_time":"2025-01-29T12:07:31+00:00","article_modified_time":"2025-01-31T11:13:32+00:00","og_image":[{"width":800,"height":400,"url":"https:\/\/www.pymelegal.es\/wp-content\/uploads\/2025\/01\/Registro-de-marca-1.png","type":"image\/png"}],"author":"PymeLegal","twitter_card":"summary_large_image","twitter_misc":{"Escrit per":"PymeLegal","Temps estimat de lectura":"4 minuts"},"schema":{"@context":"https:\/\/schema.org","@graph":[{"@type":"Article","@id":"https:\/\/www.pymelegal.es\/ca\/noticias\/registre-de-marques\/errors-comuns-en-registrar-la-teva-marca-i-com-evitar-los#article","isPartOf":{"@id":"https:\/\/www.pymelegal.es\/ca\/noticias\/registre-de-marques\/errors-comuns-en-registrar-la-teva-marca-i-com-evitar-los"},"author":{"name":"PymeLegal","@id":"https:\/\/www.pymelegal.es\/#\/schema\/person\/364442751b92f8a04fc5adde3be95c8f"},"headline":"Errors comuns en registrar la teva marca i com evitar-los","datePublished":"2025-01-29T12:07:31+00:00","dateModified":"2025-01-31T11:13:32+00:00","mainEntityOfPage":{"@id":"https:\/\/www.pymelegal.es\/ca\/noticias\/registre-de-marques\/errors-comuns-en-registrar-la-teva-marca-i-com-evitar-los"},"wordCount":748,"publisher":{"@id":"https:\/\/www.pymelegal.es\/#organization"},"image":{"@id":"https:\/\/www.pymelegal.es\/ca\/noticias\/registre-de-marques\/errors-comuns-en-registrar-la-teva-marca-i-com-evitar-los#primaryimage"},"thumbnailUrl":"https:\/\/www.pymelegal.es\/wp-content\/uploads\/2025\/01\/Registro-de-marca-1.png","keywords":["empreses","logo","marca","nom d'empresa","patents","Pimes","registrar logo","registrar marca","registre de marca","registre de marques"],"articleSection":["REGISTRE DE MARQUES"],"inLanguage":"ca"},{"@type":"WebPage","@id":"https:\/\/www.pymelegal.es\/ca\/noticias\/registre-de-marques\/errors-comuns-en-registrar-la-teva-marca-i-com-evitar-los","url":"https:\/\/www.pymelegal.es\/ca\/noticias\/registre-de-marques\/errors-comuns-en-registrar-la-teva-marca-i-com-evitar-los","name":"Errors comuns en registrar la teva marca i com evitar-los - PymeLegal","isPartOf":{"@id":"https:\/\/www.pymelegal.es\/#website"},"primaryImageOfPage":{"@id":"https:\/\/www.pymelegal.es\/ca\/noticias\/registre-de-marques\/errors-comuns-en-registrar-la-teva-marca-i-com-evitar-los#primaryimage"},"image":{"@id":"https:\/\/www.pymelegal.es\/ca\/noticias\/registre-de-marques\/errors-comuns-en-registrar-la-teva-marca-i-com-evitar-los#primaryimage"},"thumbnailUrl":"https:\/\/www.pymelegal.es\/wp-content\/uploads\/2025\/01\/Registro-de-marca-1.png","datePublished":"2025-01-29T12:07:31+00:00","dateModified":"2025-01-31T11:13:32+00:00","description":"Vols registrar la teva marca a Espanya, Europa o de forma internacional? T'expliquem quins s\u00f3n els errors m\u00e9s habituals i com t'ajudem.","breadcrumb":{"@id":"https:\/\/www.pymelegal.es\/ca\/noticias\/registre-de-marques\/errors-comuns-en-registrar-la-teva-marca-i-com-evitar-los#breadcrumb"},"inLanguage":"ca","potentialAction":[{"@type":"ReadAction","target":["https:\/\/www.pymelegal.es\/ca\/noticias\/registre-de-marques\/errors-comuns-en-registrar-la-teva-marca-i-com-evitar-los"]}]},{"@type":"ImageObject","inLanguage":"ca","@id":"https:\/\/www.pymelegal.es\/ca\/noticias\/registre-de-marques\/errors-comuns-en-registrar-la-teva-marca-i-com-evitar-los#primaryimage","url":"https:\/\/www.pymelegal.es\/wp-content\/uploads\/2025\/01\/Registro-de-marca-1.png","contentUrl":"https:\/\/www.pymelegal.es\/wp-content\/uploads\/2025\/01\/Registro-de-marca-1.png","width":800,"height":400},{"@type":"BreadcrumbList","@id":"https:\/\/www.pymelegal.es\/ca\/noticias\/registre-de-marques\/errors-comuns-en-registrar-la-teva-marca-i-com-evitar-los#breadcrumb","itemListElement":[{"@type":"ListItem","position":1,"name":"Portada","item":"https:\/\/www.pymelegal.es\/"},{"@type":"ListItem","position":2,"name":"Errors comuns en registrar la teva marca i com evitar-los"}]},{"@type":"WebSite","@id":"https:\/\/www.pymelegal.es\/#website","url":"https:\/\/www.pymelegal.es\/","name":"PymeLegal","description":"Adaptaci\u00f3n LOPDGDD-RGPD-LSSICE","publisher":{"@id":"https:\/\/www.pymelegal.es\/#organization"},"potentialAction":[{"@type":"SearchAction","target":{"@type":"EntryPoint","urlTemplate":"https:\/\/www.pymelegal.es\/?s={search_term_string}"},"query-input":{"@type":"PropertyValueSpecification","valueRequired":true,"valueName":"search_term_string"}}],"inLanguage":"ca"},{"@type":"Organization","@id":"https:\/\/www.pymelegal.es\/#organization","name":"PymeLegal","url":"https:\/\/www.pymelegal.es\/","logo":{"@type":"ImageObject","inLanguage":"ca","@id":"https:\/\/www.pymelegal.es\/#\/schema\/logo\/image\/","url":"https:\/\/www.pymelegal.es\/wp-content\/uploads\/2023\/03\/cropped-logo-pymelegal-10-anys-e1678286058678.png","contentUrl":"https:\/\/www.pymelegal.es\/wp-content\/uploads\/2023\/03\/cropped-logo-pymelegal-10-anys-e1678286058678.png","width":2364,"height":694,"caption":"PymeLegal"},"image":{"@id":"https:\/\/www.pymelegal.es\/#\/schema\/logo\/image\/"}},{"@type":"Person","@id":"https:\/\/www.pymelegal.es\/#\/schema\/person\/364442751b92f8a04fc5adde3be95c8f","name":"PymeLegal","image":{"@type":"ImageObject","inLanguage":"ca","@id":"https:\/\/secure.gravatar.com\/avatar\/8114df484a5cd2738a02a5e9462b0881d50584495a20b6ddaeaa1841b1187017?s=96&d=mm&r=g","url":"https:\/\/secure.gravatar.com\/avatar\/8114df484a5cd2738a02a5e9462b0881d50584495a20b6ddaeaa1841b1187017?s=96&d=mm&r=g","contentUrl":"https:\/\/secure.gravatar.com\/avatar\/8114df484a5cd2738a02a5e9462b0881d50584495a20b6ddaeaa1841b1187017?s=96&d=mm&r=g","caption":"PymeLegal"}}]}},"_links":{"self":[{"href":"https:\/\/www.pymelegal.es\/ca\/wp-json\/wp\/v2\/posts\/13659","targetHints":{"allow":["GET"]}}],"collection":[{"href":"https:\/\/www.pymelegal.es\/ca\/wp-json\/wp\/v2\/posts"}],"about":[{"href":"https:\/\/www.pymelegal.es\/ca\/wp-json\/wp\/v2\/types\/post"}],"author":[{"embeddable":true,"href":"https:\/\/www.pymelegal.es\/ca\/wp-json\/wp\/v2\/users\/3"}],"replies":[{"embeddable":true,"href":"https:\/\/www.pymelegal.es\/ca\/wp-json\/wp\/v2\/comments?post=13659"}],"version-history":[{"count":2,"href":"https:\/\/www.pymelegal.es\/ca\/wp-json\/wp\/v2\/posts\/13659\/revisions"}],"predecessor-version":[{"id":13734,"href":"https:\/\/www.pymelegal.es\/ca\/wp-json\/wp\/v2\/posts\/13659\/revisions\/13734"}],"wp:featuredmedia":[{"embeddable":true,"href":"https:\/\/www.pymelegal.es\/ca\/wp-json\/wp\/v2\/media\/13657"}],"wp:attachment":[{"href":"https:\/\/www.pymelegal.es\/ca\/wp-json\/wp\/v2\/media?parent=13659"}],"wp:term":[{"taxonomy":"category","embeddable":true,"href":"https:\/\/www.pymelegal.es\/ca\/wp-json\/wp\/v2\/categories?post=13659"},{"taxonomy":"post_tag","embeddable":true,"href":"https:\/\/www.pymelegal.es\/ca\/wp-json\/wp\/v2\/tags?post=13659"}],"curies":[{"name":"wp","href":"https:\/\/api.w.org\/{rel}","templated":true}]}}