{"id":13207,"date":"2024-09-05T16:09:40","date_gmt":"2024-09-05T15:09:40","guid":{"rendered":"https:\/\/www.pymelegal.es\/?p=13207"},"modified":"2024-09-06T08:19:38","modified_gmt":"2024-09-06T07:19:38","slug":"quines-mesures-de-proteccio-de-dades-hauries-destar-complint-abans-de-la-teva-tornada-a-la-feina","status":"publish","type":"post","link":"https:\/\/www.pymelegal.es\/ca\/noticias\/lssice-ca\/quines-mesures-de-proteccio-de-dades-hauries-destar-complint-abans-de-la-teva-tornada-a-la-feina","title":{"rendered":"Quines mesures de protecci\u00f3 de dades hauries d\u2019estar complint abans de la teva tornada a la feina?"},"content":{"rendered":"<p>Molts ja tornem a la feina i a la rutina, i si tens un negoci propi \u00e9s important que tinguis en compte alguns aspectes legals que hauries d\u2019estar complint ja.<\/p>\n<p>Tant si ets aut\u00f2nom com si tens una empresa, hi ha obligacions que han de complir-se sense excepcions. No nom\u00e9s per complir amb la normativa de protecci\u00f3 de dades, sin\u00f3 tamb\u00e9 per generar confian\u00e7a entre els teus clients i col\u00b7laboradors.<\/p>\n<p>A continuaci\u00f3, et detallem una guia de les mesures principals que has de tenir en compte abans d\u2019iniciar el teu negoci:<\/p>\n<h2><strong>Avisos legals a la web<\/strong><\/h2>\n<p>Si tens una p\u00e0gina web o un ecommerce que tracti dades, \u00e9s obligatori que tinguis aquests avisos legals:<\/p>\n<ul>\n<li><strong>Pol\u00edtica de privacitat: <\/strong>Has d\u2019explicar clarament com es recullen, utilitzen, emmagatzemen i protegeixen les dades personals dels usuaris. A m\u00e9s, \u00e9s important que estigui actualitzada a l\u2019\u00faltima regulaci\u00f3 del RGPD (Reglament General de Protecci\u00f3 de Dades).<\/li>\n<li><strong>Av\u00eds legal:<\/strong> Informa sobre la identitat del titular de la web i estableix les condicions d\u2019\u00fas del lloc. Aquest document protegeix legalment al propietari del lloc davant de possibles reclamacions.<\/li>\n<li><strong>Pol\u00edtica de cookies:<\/strong> \u00c9s obligatori informar els usuaris sobre l\u2019\u00fas de cookies i obtenir el seu consentiment previ per la seva instal\u00b7laci\u00f3. Assegura\u2019t que el teu banner de cookies compleix amb la normativa actual, que exigeix un consentiment expl\u00edcit i no la mera navegaci\u00f3.<\/li>\n<li><strong>Condicions generales de contractaci\u00f3:<\/strong> Si vens productes o serveis a trav\u00e9s de la teva web (ecommerce) has d\u2019incloure un apartat on es detallin les condicions de venda, devolucions, enviaments, etc.<\/li>\n<\/ul>\n<h2><strong>Actualitzaci\u00f3 del banner de cookies<\/strong><\/h2>\n<p>Amb la recent actualitzaci\u00f3 de la Guia sobre l\u2019\u00fas de les cookies, \u00e9s imprescindible que el teu banner de cookies estigui adaptat als nous requisits:<\/p>\n<ul>\n<li><strong>Consentiment expl\u00edcit: <\/strong>Perqu\u00e8 el consentiment sigui v\u00e0lid, l\u2019usuari ha d\u2019entendre qu\u00e8 \u00e9s el que consent. Els usuaris hauran de tenir tres opcions: \u201cacceptar\u201d, \u201crebutjar totes les cookies\u201d i \u201cconfigurar las cookies\u201d. No ser\u00e0 v\u00e0lid cap missatge com \u201ccontinuar navegant\u201d o nom\u00e9s donar una opci\u00f3 de bot\u00f3.<\/li>\n<\/ul>\n<ul>\n<li><strong>Configuraci\u00f3 de cookies: <\/strong>Has de permetre als usuaris personalitzar les seves prefer\u00e8ncies de cookies, detallant les categories i proporcionant informaci\u00f3 clara sobre cadascuna.<\/li>\n<\/ul>\n<ul>\n<li><strong>Caselles preseleccionades: <\/strong>No podran fer caselles preseleccionades al banner de cookies, ja que no expressen un consentiment v\u00e0lid de l\u2019usuari.<\/li>\n<\/ul>\n<ul>\n<li><strong>Botons:<\/strong> Els diferents botons han de ser iguals, tant en tipografia com en color. Per exemple: no podem dissenyar el bot\u00f3 d\u2019acceptar en un color cridaner i els altres en un altre color.<\/li>\n<\/ul>\n<p>Si necessites m\u00e9s informaci\u00f3 respecte a com has de dissenyar el teu banner de cookies, et deixem <a href=\"https:\/\/www.pymelegal.es\/ca\/noticias\/lssice-ca\/canvis-sobre-us-de-les-cookies\">aquest article<\/a> en el qual detallem les \u00faltimes actualitzacions.<\/p>\n<h2><strong>Protecci\u00f3 de dades interna del negoci<\/strong><\/h2>\n<ul>\n<li><strong>Registre d\u2019activitats de tractament<\/strong> segons les dades que es tracten al negoci.<\/li>\n<li><strong>Comprom\u00eds de confidencialitat <\/strong>signat amb els treballadors.<\/li>\n<li><strong>Contracte d\u2019encarregat de tractament <\/strong>signat amb els prove\u00efdors.<\/li>\n<li>Cl\u00e0usules per la signatura del <strong>correu electr\u00f2nic<\/strong>, les <strong>factures<\/strong> o els <strong>pressupostos<\/strong>.<\/li>\n<li><strong>Mesures de seguretat <\/strong>t\u00e8cniques i organitzatives m\u00ednimes.<\/li>\n<li><strong>Formaci\u00f3 <\/strong>en protecci\u00f3 de dades i ciberseguretat perqu\u00e8 els teus treballadors coneguin les mesures de seguretat que han d\u2019implementar per garantir la seguretat i protecci\u00f3 de la informaci\u00f3 del teu negoci i dels teus clients.<\/li>\n<\/ul>\n<h2><strong>Cl\u00e0usula de WhatsApp per comunicar-se amb els clients<\/strong><\/h2>\n<p>A l\u2019era digital, WhatsApp s\u2019ha convertit en <strong>una eina essencial per la comunicaci\u00f3 empresarial<\/strong>. Tanmateix, \u00e9s important tenir una <strong>cl\u00e0usula de WhatsApp<\/strong> que informi els clients sobre com s\u2019utilitzaran les seves dades en aquesta plataforma:<\/p>\n<ul>\n<li><strong>Transpar\u00e8ncia:<\/strong> Deixa clar que l\u2019\u00fas de WhatsApp implica el tractament de dades personals i explica com es protegiran.<\/li>\n<\/ul>\n<ul>\n<li><strong>Consentiment:<\/strong> Has d\u2019enviar la cl\u00e0usula al teu client a partir de text o imatge per WhatsApp. Haur\u00e0s d\u2019obtenir el consentiment expl\u00edcit dels teus clients abans d\u2019utilitzar WhatsApp com a mitj\u00e0 de comunicaci\u00f3.<\/li>\n<\/ul>\n<p>En aquest <a href=\"https:\/\/consent.youtube.com\/m?continue=https:\/\/www.youtube.com\/watch%3Fv%3Da7_mCloNM_A%26t%3D7s%26cbrd%3D1&amp;gl=ES&amp;m=0&amp;pc=yt&amp;cm=2&amp;hl=es&amp;src=1\">v\u00eddeo<\/a> t\u2019expliquem com has de fer-ho correctament, no importa que utilitzis WhatsApp o WhatsApp Business.<\/p>\n<p>Si no pots realitzar respostes autom\u00e0tiques amb WhatsApp, haur\u00e0s de copiar i enviar el text o imatge amb la cl\u00e0usula cada vegada que vagis a iniciar una conversa amb un client.<\/p>\n<h2><strong>Cl\u00e0usula i primera capa per afegir a persones a la newsletter<\/strong><\/h2>\n<p>Quan ofereixes l\u2019opci\u00f3 de subscriure\u2019s a la teva newsletter, necessites incloure una cl\u00e0usula de protecci\u00f3 de dades en el formulari de subscripci\u00f3:<\/p>\n<ul>\n<li><strong>Primera capa: <\/strong>Proporciona una primera capa d\u2019informaci\u00f3 clara i concisa en el moment de la recol\u00b7lecci\u00f3 de dades, indicant qui \u00e9s el responsable del tractament, per a qu\u00e8 s\u2019utilitzaran les dades i com poden els usuaris exercir els seus drets.<\/li>\n<\/ul>\n<ul>\n<li><strong>Consentiment expl\u00edcit:<\/strong> Assegura\u2019t que els usuaris donen el seu consentiment de forma activa (per exemple, marcant una casella) per rebre comunicacions comercials.<\/li>\n<\/ul>\n<h2><strong>Altres consentiments necessaris<\/strong><\/h2>\n<p><strong>\u00a0<\/strong>A sobre dels mencionats, \u00e9s fonamental obtenir altres consentiments espec\u00edfics segons el teu negoci:<\/p>\n<ul>\n<li><strong>Consentiment pel tractament de dades sensibles:<\/strong> Si reculls dades considerades sensibles (com informaci\u00f3 de salut), necessitar\u00e0s un consentiment expl\u00edcit i addicional dels usuaris.<\/li>\n<li><strong>Consentiment per l\u2019\u00fas d\u2019imatges i testimonis: <\/strong>Si vols compartir fotografies o v\u00eddeos on apareguin persones (treballadors, clients, prove\u00efdors&#8230;) a les teves xarxes socials o a la teva web, abans haur\u00e0s d\u2019obtenir la seva autoritzaci\u00f3 per fer-les i publicar-les.<\/li>\n<\/ul>\n<h2><strong>Contractes de col\u00b7laboraci\u00f3 amb aut\u00f2noms i treballadors<\/strong><\/h2>\n<p>Si ets un aut\u00f2nom o empresa i treballes amb altres aut\u00f2noms, o tens treballadors que s\u00f3n aut\u00f2noms, \u00e9s essencial formalitzar els termes de col\u00b7laboraci\u00f3 mitjan\u00e7ant un contracte de col\u00b7laboraci\u00f3, on incloguin cl\u00e0usules de protecci\u00f3 de dades com:<\/p>\n<ul>\n<li><strong>Confidencialitat:<\/strong> Assegura\u2019t que tots els col\u00b7laboradors signen un acord de confidencialitat que estipuli com es tractaran les dades a les quals tinguin acc\u00e9s.<\/li>\n<li><strong>Delegaci\u00f3 de responsabilitats: <\/strong>Espec\u00edfica clarament qui \u00e9s el responsable del tractament de dades i quines s\u00f3n les obligacions de cada part en termes de protecci\u00f3 de dades.<\/li>\n<\/ul>\n<h2><strong>Perqu\u00e8 has de complir amb el RGPD-LOPDGDD-LSSICE?<\/strong><\/h2>\n<ul>\n<li>Genera <strong>m\u00e9s confian\u00e7a i credibilitat<\/strong>, ja que est\u00e0s protegint els actius de la teva empresa i les dades dels teus clients, prove\u00efdors i tercers.<\/li>\n<\/ul>\n<ul>\n<li>Ajuda a <strong>potenciar la teva marca<\/strong> i <strong>diferenciar-te<\/strong> dins del teu sector, perqu\u00e8 ser\u00e0 m\u00e9s f\u00e0cil contractar-te si confien en la teva empresa.<\/li>\n<\/ul>\n<ul>\n<li>No complir amb el RGPD pot comportar <strong>sancions molt elevades<\/strong>, que poden arribar fins a <strong>20 milions d\u2019euros o el 4% de la teva facturaci\u00f3 anual<\/strong>. Sempre dependr\u00e0 de la gravetat de la infracci\u00f3 i de les dades que s\u2019hagin tractat de forma fraudulenta. Pot ser penses que sent una pime aix\u00f2 no et passar\u00e0, per\u00f2 aquestes s\u00f3n algunes de les sancions a pimes per incomplir-ho:<\/li>\n<\/ul>\n<ul>\n<li style=\"list-style-type: none;\">\n<ul>\n<li>Sanci\u00f3 de 4.000\u20ac per vulnerar el RGPD al Banner de Cookies de la web.<\/li>\n<li>Sanci\u00f3 de 12.000\u20ac per enviar correus electr\u00f2nics comercials (newsletters) sense el consentiment dels destinataris i sense incloure l\u2019opci\u00f3 de donar-se de baixa.<\/li>\n<li>Sanci\u00f3 de 4.000\u20ac per preseleccionar cookies a la seva p\u00e0gina web.<\/li>\n<li>Sanci\u00f3 de 5.000\u20ac a un centre m\u00e8dic per publicar una imatge a les xarxes socials de l\u2019abans i el despr\u00e9s del seu pacient, sense disposar del seu consentiment.<\/li>\n<li>Sanci\u00f3 de 600\u20ac per tenir un cartell de videovigil\u00e0ncia darrere d\u2019una finestra, i per aix\u00f2 nom\u00e9s era visible quan l\u2019empresa estava oberta.<\/li>\n<li>Sanci\u00f3 de 2.000\u20ac per sol\u00b7licitar una c\u00f2pia del DNI als hostes.<\/li>\n<\/ul>\n<\/li>\n<\/ul>\n<p>Complir amb la normativa de protecci\u00f3 de dades no \u00e9s una opci\u00f3, sin\u00f3 que \u00e9s una obligaci\u00f3 legal. Des de PymeLegal podem ajudar-te perqu\u00e8 el teu negoci compleixi amb les diferents normatives, oferint-te un servei totalment personalitzat perqu\u00e8 s\u2019adapti a les teves necessitats.<\/p>\n<p>A m\u00e9s, t\u2019oferim una <span style=\"color: #00ccff;\"><strong>auditoria gratu\u00efta<\/strong><\/span> on t\u2019informarem si el teu negoci est\u00e0 complint amb les seves obligacions de protecci\u00f3 de dades o no. Envia un correu a <span style=\"color: #00ccff;\"><strong>atencioncliente@pymelegal.es<\/strong><\/span> i sol\u00b7licita-la ara!<\/p>\n","protected":false},"excerpt":{"rendered":"<p>Molts ja tornem a la feina i a la rutina, i si tens un negoci propi \u00e9s important que tinguis en compte alguns aspectes legals que hauries d\u2019estar complint ja. Tant si ets aut\u00f2nom com si tens una empresa, hi ha obligacions que han de complir-se sense excepcions. No nom\u00e9s per complir amb la normativa &#8230; <a title=\"Quines mesures de protecci\u00f3 de dades hauries d\u2019estar complint abans de la teva tornada a la feina?\" class=\"read-more\" href=\"https:\/\/www.pymelegal.es\/ca\/noticias\/lssice-ca\/quines-mesures-de-proteccio-de-dades-hauries-destar-complint-abans-de-la-teva-tornada-a-la-feina\" aria-label=\"M\u00e9s informaci\u00f3 sobre Quines mesures de protecci\u00f3 de dades hauries d\u2019estar complint abans de la teva tornada a la feina?\">Read more<\/a><\/p>\n","protected":false},"author":3,"featured_media":13205,"comment_status":"closed","ping_status":"closed","sticky":false,"template":"","format":"standard","meta":{"content-type":"","footnotes":""},"categories":[100,115],"tags":[597,184,374,378,208,600,180,601,185,598,599,377],"class_list":["post-13207","post","type-post","status-publish","format-standard","has-post-thumbnail","hentry","category-lssice-ca","category-rgpd-ca","tag-lopdgg","tag-lssice-ca","tag-negoci","tag-pagina-web-ca","tag-privacitat","tag-privacitat-web","tag-proteccio-de-dades","tag-proteccio-de-dades-web","tag-rgpd-ca","tag-tornada-a-la-feina","tag-tornada-a-la-rutina","tag-web-ca"],"yoast_head":"<!-- This site is optimized with the Yoast SEO plugin v27.5 - https:\/\/yoast.com\/product\/yoast-seo-wordpress\/ -->\n<title>Quines mesures de protecci\u00f3 de dades hauries d\u2019estar complint abans de la teva tornada a la feina? - PymeLegal<\/title>\n<meta name=\"description\" content=\"Encara no has fet els deures en m\u00e0teria de protecci\u00f3 de dades? Des de PymeLegal t&#039;oferim una auditoria gratu\u00efta per la teva web.\" \/>\n<meta name=\"robots\" content=\"index, follow, max-snippet:-1, max-image-preview:large, max-video-preview:-1\" \/>\n<link rel=\"canonical\" href=\"https:\/\/www.pymelegal.es\/noticias\/rgpd\/que-medidas-de-proteccion-de-datos-deberias-estar-cumpliendo-antes-de-tu-vuelta-al-trabajo\" \/>\n<meta property=\"og:locale\" content=\"ca_ES\" \/>\n<meta property=\"og:type\" content=\"article\" \/>\n<meta property=\"og:title\" content=\"Quines mesures de protecci\u00f3 de dades hauries d\u2019estar complint abans de la teva tornada a la feina? - PymeLegal\" \/>\n<meta property=\"og:description\" content=\"Encara no has fet els deures en m\u00e0teria de protecci\u00f3 de dades? Des de PymeLegal t&#039;oferim una auditoria gratu\u00efta per la teva web.\" \/>\n<meta property=\"og:url\" content=\"https:\/\/www.pymelegal.es\/noticias\/rgpd\/que-medidas-de-proteccion-de-datos-deberias-estar-cumpliendo-antes-de-tu-vuelta-al-trabajo\" \/>\n<meta property=\"og:site_name\" content=\"PymeLegal\" \/>\n<meta property=\"article:published_time\" content=\"2024-09-05T15:09:40+00:00\" \/>\n<meta property=\"article:modified_time\" content=\"2024-09-06T07:19:38+00:00\" \/>\n<meta property=\"og:image\" content=\"https:\/\/www.pymelegal.es\/wp-content\/uploads\/2024\/09\/Proteccio\u0301n-de-datos-vuelta-a-la-rutina.png\" \/>\n\t<meta property=\"og:image:width\" content=\"800\" \/>\n\t<meta property=\"og:image:height\" content=\"400\" \/>\n\t<meta property=\"og:image:type\" content=\"image\/png\" \/>\n<meta name=\"author\" content=\"PymeLegal\" \/>\n<meta name=\"twitter:card\" content=\"summary_large_image\" \/>\n<meta name=\"twitter:label1\" content=\"Escrit per\" \/>\n\t<meta name=\"twitter:data1\" content=\"PymeLegal\" \/>\n\t<meta name=\"twitter:label2\" content=\"Temps estimat de lectura\" \/>\n\t<meta name=\"twitter:data2\" content=\"6 minuts\" \/>\n<script type=\"application\/ld+json\" class=\"yoast-schema-graph\">{\"@context\":\"https:\\\/\\\/schema.org\",\"@graph\":[{\"@type\":\"Article\",\"@id\":\"https:\\\/\\\/www.pymelegal.es\\\/noticias\\\/rgpd\\\/que-medidas-de-proteccion-de-datos-deberias-estar-cumpliendo-antes-de-tu-vuelta-al-trabajo#article\",\"isPartOf\":{\"@id\":\"https:\\\/\\\/www.pymelegal.es\\\/noticias\\\/rgpd\\\/que-medidas-de-proteccion-de-datos-deberias-estar-cumpliendo-antes-de-tu-vuelta-al-trabajo\"},\"author\":{\"name\":\"PymeLegal\",\"@id\":\"https:\\\/\\\/www.pymelegal.es\\\/#\\\/schema\\\/person\\\/364442751b92f8a04fc5adde3be95c8f\"},\"headline\":\"Quines mesures de protecci\u00f3 de dades hauries d\u2019estar complint abans de la teva tornada a la feina?\",\"datePublished\":\"2024-09-05T15:09:40+00:00\",\"dateModified\":\"2024-09-06T07:19:38+00:00\",\"mainEntityOfPage\":{\"@id\":\"https:\\\/\\\/www.pymelegal.es\\\/noticias\\\/rgpd\\\/que-medidas-de-proteccion-de-datos-deberias-estar-cumpliendo-antes-de-tu-vuelta-al-trabajo\"},\"wordCount\":1361,\"publisher\":{\"@id\":\"https:\\\/\\\/www.pymelegal.es\\\/#organization\"},\"image\":{\"@id\":\"https:\\\/\\\/www.pymelegal.es\\\/noticias\\\/rgpd\\\/que-medidas-de-proteccion-de-datos-deberias-estar-cumpliendo-antes-de-tu-vuelta-al-trabajo#primaryimage\"},\"thumbnailUrl\":\"https:\\\/\\\/www.pymelegal.es\\\/wp-content\\\/uploads\\\/2024\\\/09\\\/Proteccio\u0301n-de-datos-vuelta-a-la-rutina.png\",\"keywords\":[\"LOPDGG\",\"LSSICE\",\"negoci\",\"p\u00e1gina web\",\"privacitat\",\"privacitat web\",\"proteccio de dades\",\"protecci\u00f3 de dades web\",\"RGPD\",\"tornada a la feina\",\"tornada a la rutina\",\"web\"],\"articleSection\":[\"LSSICE\",\"RGPD\"],\"inLanguage\":\"ca\"},{\"@type\":\"WebPage\",\"@id\":\"https:\\\/\\\/www.pymelegal.es\\\/noticias\\\/rgpd\\\/que-medidas-de-proteccion-de-datos-deberias-estar-cumpliendo-antes-de-tu-vuelta-al-trabajo\",\"url\":\"https:\\\/\\\/www.pymelegal.es\\\/noticias\\\/rgpd\\\/que-medidas-de-proteccion-de-datos-deberias-estar-cumpliendo-antes-de-tu-vuelta-al-trabajo\",\"name\":\"Quines mesures de protecci\u00f3 de dades hauries d\u2019estar complint abans de la teva tornada a la feina? - PymeLegal\",\"isPartOf\":{\"@id\":\"https:\\\/\\\/www.pymelegal.es\\\/#website\"},\"primaryImageOfPage\":{\"@id\":\"https:\\\/\\\/www.pymelegal.es\\\/noticias\\\/rgpd\\\/que-medidas-de-proteccion-de-datos-deberias-estar-cumpliendo-antes-de-tu-vuelta-al-trabajo#primaryimage\"},\"image\":{\"@id\":\"https:\\\/\\\/www.pymelegal.es\\\/noticias\\\/rgpd\\\/que-medidas-de-proteccion-de-datos-deberias-estar-cumpliendo-antes-de-tu-vuelta-al-trabajo#primaryimage\"},\"thumbnailUrl\":\"https:\\\/\\\/www.pymelegal.es\\\/wp-content\\\/uploads\\\/2024\\\/09\\\/Proteccio\u0301n-de-datos-vuelta-a-la-rutina.png\",\"datePublished\":\"2024-09-05T15:09:40+00:00\",\"dateModified\":\"2024-09-06T07:19:38+00:00\",\"description\":\"Encara no has fet els deures en m\u00e0teria de protecci\u00f3 de dades? Des de PymeLegal t'oferim una auditoria gratu\u00efta per la teva web.\",\"breadcrumb\":{\"@id\":\"https:\\\/\\\/www.pymelegal.es\\\/noticias\\\/rgpd\\\/que-medidas-de-proteccion-de-datos-deberias-estar-cumpliendo-antes-de-tu-vuelta-al-trabajo#breadcrumb\"},\"inLanguage\":\"ca\",\"potentialAction\":[{\"@type\":\"ReadAction\",\"target\":[\"https:\\\/\\\/www.pymelegal.es\\\/noticias\\\/rgpd\\\/que-medidas-de-proteccion-de-datos-deberias-estar-cumpliendo-antes-de-tu-vuelta-al-trabajo\"]}]},{\"@type\":\"ImageObject\",\"inLanguage\":\"ca\",\"@id\":\"https:\\\/\\\/www.pymelegal.es\\\/noticias\\\/rgpd\\\/que-medidas-de-proteccion-de-datos-deberias-estar-cumpliendo-antes-de-tu-vuelta-al-trabajo#primaryimage\",\"url\":\"https:\\\/\\\/www.pymelegal.es\\\/wp-content\\\/uploads\\\/2024\\\/09\\\/Proteccio\u0301n-de-datos-vuelta-a-la-rutina.png\",\"contentUrl\":\"https:\\\/\\\/www.pymelegal.es\\\/wp-content\\\/uploads\\\/2024\\\/09\\\/Proteccio\u0301n-de-datos-vuelta-a-la-rutina.png\",\"width\":800,\"height\":400},{\"@type\":\"BreadcrumbList\",\"@id\":\"https:\\\/\\\/www.pymelegal.es\\\/noticias\\\/rgpd\\\/que-medidas-de-proteccion-de-datos-deberias-estar-cumpliendo-antes-de-tu-vuelta-al-trabajo#breadcrumb\",\"itemListElement\":[{\"@type\":\"ListItem\",\"position\":1,\"name\":\"Portada\",\"item\":\"https:\\\/\\\/www.pymelegal.es\\\/\"},{\"@type\":\"ListItem\",\"position\":2,\"name\":\"Quines mesures de protecci\u00f3 de dades hauries d\u2019estar complint abans de la teva tornada a la feina?\"}]},{\"@type\":\"WebSite\",\"@id\":\"https:\\\/\\\/www.pymelegal.es\\\/#website\",\"url\":\"https:\\\/\\\/www.pymelegal.es\\\/\",\"name\":\"PymeLegal\",\"description\":\"Adaptaci\u00f3n LOPDGDD-RGPD-LSSICE\",\"publisher\":{\"@id\":\"https:\\\/\\\/www.pymelegal.es\\\/#organization\"},\"potentialAction\":[{\"@type\":\"SearchAction\",\"target\":{\"@type\":\"EntryPoint\",\"urlTemplate\":\"https:\\\/\\\/www.pymelegal.es\\\/?s={search_term_string}\"},\"query-input\":{\"@type\":\"PropertyValueSpecification\",\"valueRequired\":true,\"valueName\":\"search_term_string\"}}],\"inLanguage\":\"ca\"},{\"@type\":\"Organization\",\"@id\":\"https:\\\/\\\/www.pymelegal.es\\\/#organization\",\"name\":\"PymeLegal\",\"url\":\"https:\\\/\\\/www.pymelegal.es\\\/\",\"logo\":{\"@type\":\"ImageObject\",\"inLanguage\":\"ca\",\"@id\":\"https:\\\/\\\/www.pymelegal.es\\\/#\\\/schema\\\/logo\\\/image\\\/\",\"url\":\"https:\\\/\\\/www.pymelegal.es\\\/wp-content\\\/uploads\\\/2023\\\/03\\\/cropped-logo-pymelegal-10-anys-e1678286058678.png\",\"contentUrl\":\"https:\\\/\\\/www.pymelegal.es\\\/wp-content\\\/uploads\\\/2023\\\/03\\\/cropped-logo-pymelegal-10-anys-e1678286058678.png\",\"width\":2364,\"height\":694,\"caption\":\"PymeLegal\"},\"image\":{\"@id\":\"https:\\\/\\\/www.pymelegal.es\\\/#\\\/schema\\\/logo\\\/image\\\/\"}},{\"@type\":\"Person\",\"@id\":\"https:\\\/\\\/www.pymelegal.es\\\/#\\\/schema\\\/person\\\/364442751b92f8a04fc5adde3be95c8f\",\"name\":\"PymeLegal\",\"image\":{\"@type\":\"ImageObject\",\"inLanguage\":\"ca\",\"@id\":\"https:\\\/\\\/secure.gravatar.com\\\/avatar\\\/8114df484a5cd2738a02a5e9462b0881d50584495a20b6ddaeaa1841b1187017?s=96&d=mm&r=g\",\"url\":\"https:\\\/\\\/secure.gravatar.com\\\/avatar\\\/8114df484a5cd2738a02a5e9462b0881d50584495a20b6ddaeaa1841b1187017?s=96&d=mm&r=g\",\"contentUrl\":\"https:\\\/\\\/secure.gravatar.com\\\/avatar\\\/8114df484a5cd2738a02a5e9462b0881d50584495a20b6ddaeaa1841b1187017?s=96&d=mm&r=g\",\"caption\":\"PymeLegal\"}}]}<\/script>\n<!-- \/ Yoast SEO plugin. -->","yoast_head_json":{"title":"Quines mesures de protecci\u00f3 de dades hauries d\u2019estar complint abans de la teva tornada a la feina? - PymeLegal","description":"Encara no has fet els deures en m\u00e0teria de protecci\u00f3 de dades? Des de PymeLegal t'oferim una auditoria gratu\u00efta per la teva web.","robots":{"index":"index","follow":"follow","max-snippet":"max-snippet:-1","max-image-preview":"max-image-preview:large","max-video-preview":"max-video-preview:-1"},"canonical":"https:\/\/www.pymelegal.es\/noticias\/rgpd\/que-medidas-de-proteccion-de-datos-deberias-estar-cumpliendo-antes-de-tu-vuelta-al-trabajo","og_locale":"ca_ES","og_type":"article","og_title":"Quines mesures de protecci\u00f3 de dades hauries d\u2019estar complint abans de la teva tornada a la feina? - PymeLegal","og_description":"Encara no has fet els deures en m\u00e0teria de protecci\u00f3 de dades? Des de PymeLegal t'oferim una auditoria gratu\u00efta per la teva web.","og_url":"https:\/\/www.pymelegal.es\/noticias\/rgpd\/que-medidas-de-proteccion-de-datos-deberias-estar-cumpliendo-antes-de-tu-vuelta-al-trabajo","og_site_name":"PymeLegal","article_published_time":"2024-09-05T15:09:40+00:00","article_modified_time":"2024-09-06T07:19:38+00:00","og_image":[{"width":800,"height":400,"url":"https:\/\/www.pymelegal.es\/wp-content\/uploads\/2024\/09\/Proteccio\u0301n-de-datos-vuelta-a-la-rutina.png","type":"image\/png"}],"author":"PymeLegal","twitter_card":"summary_large_image","twitter_misc":{"Escrit per":"PymeLegal","Temps estimat de lectura":"6 minuts"},"schema":{"@context":"https:\/\/schema.org","@graph":[{"@type":"Article","@id":"https:\/\/www.pymelegal.es\/noticias\/rgpd\/que-medidas-de-proteccion-de-datos-deberias-estar-cumpliendo-antes-de-tu-vuelta-al-trabajo#article","isPartOf":{"@id":"https:\/\/www.pymelegal.es\/noticias\/rgpd\/que-medidas-de-proteccion-de-datos-deberias-estar-cumpliendo-antes-de-tu-vuelta-al-trabajo"},"author":{"name":"PymeLegal","@id":"https:\/\/www.pymelegal.es\/#\/schema\/person\/364442751b92f8a04fc5adde3be95c8f"},"headline":"Quines mesures de protecci\u00f3 de dades hauries d\u2019estar complint abans de la teva tornada a la feina?","datePublished":"2024-09-05T15:09:40+00:00","dateModified":"2024-09-06T07:19:38+00:00","mainEntityOfPage":{"@id":"https:\/\/www.pymelegal.es\/noticias\/rgpd\/que-medidas-de-proteccion-de-datos-deberias-estar-cumpliendo-antes-de-tu-vuelta-al-trabajo"},"wordCount":1361,"publisher":{"@id":"https:\/\/www.pymelegal.es\/#organization"},"image":{"@id":"https:\/\/www.pymelegal.es\/noticias\/rgpd\/que-medidas-de-proteccion-de-datos-deberias-estar-cumpliendo-antes-de-tu-vuelta-al-trabajo#primaryimage"},"thumbnailUrl":"https:\/\/www.pymelegal.es\/wp-content\/uploads\/2024\/09\/Proteccio\u0301n-de-datos-vuelta-a-la-rutina.png","keywords":["LOPDGG","LSSICE","negoci","p\u00e1gina web","privacitat","privacitat web","proteccio de dades","protecci\u00f3 de dades web","RGPD","tornada a la feina","tornada a la rutina","web"],"articleSection":["LSSICE","RGPD"],"inLanguage":"ca"},{"@type":"WebPage","@id":"https:\/\/www.pymelegal.es\/noticias\/rgpd\/que-medidas-de-proteccion-de-datos-deberias-estar-cumpliendo-antes-de-tu-vuelta-al-trabajo","url":"https:\/\/www.pymelegal.es\/noticias\/rgpd\/que-medidas-de-proteccion-de-datos-deberias-estar-cumpliendo-antes-de-tu-vuelta-al-trabajo","name":"Quines mesures de protecci\u00f3 de dades hauries d\u2019estar complint abans de la teva tornada a la feina? - PymeLegal","isPartOf":{"@id":"https:\/\/www.pymelegal.es\/#website"},"primaryImageOfPage":{"@id":"https:\/\/www.pymelegal.es\/noticias\/rgpd\/que-medidas-de-proteccion-de-datos-deberias-estar-cumpliendo-antes-de-tu-vuelta-al-trabajo#primaryimage"},"image":{"@id":"https:\/\/www.pymelegal.es\/noticias\/rgpd\/que-medidas-de-proteccion-de-datos-deberias-estar-cumpliendo-antes-de-tu-vuelta-al-trabajo#primaryimage"},"thumbnailUrl":"https:\/\/www.pymelegal.es\/wp-content\/uploads\/2024\/09\/Proteccio\u0301n-de-datos-vuelta-a-la-rutina.png","datePublished":"2024-09-05T15:09:40+00:00","dateModified":"2024-09-06T07:19:38+00:00","description":"Encara no has fet els deures en m\u00e0teria de protecci\u00f3 de dades? Des de PymeLegal t'oferim una auditoria gratu\u00efta per la teva web.","breadcrumb":{"@id":"https:\/\/www.pymelegal.es\/noticias\/rgpd\/que-medidas-de-proteccion-de-datos-deberias-estar-cumpliendo-antes-de-tu-vuelta-al-trabajo#breadcrumb"},"inLanguage":"ca","potentialAction":[{"@type":"ReadAction","target":["https:\/\/www.pymelegal.es\/noticias\/rgpd\/que-medidas-de-proteccion-de-datos-deberias-estar-cumpliendo-antes-de-tu-vuelta-al-trabajo"]}]},{"@type":"ImageObject","inLanguage":"ca","@id":"https:\/\/www.pymelegal.es\/noticias\/rgpd\/que-medidas-de-proteccion-de-datos-deberias-estar-cumpliendo-antes-de-tu-vuelta-al-trabajo#primaryimage","url":"https:\/\/www.pymelegal.es\/wp-content\/uploads\/2024\/09\/Proteccio\u0301n-de-datos-vuelta-a-la-rutina.png","contentUrl":"https:\/\/www.pymelegal.es\/wp-content\/uploads\/2024\/09\/Proteccio\u0301n-de-datos-vuelta-a-la-rutina.png","width":800,"height":400},{"@type":"BreadcrumbList","@id":"https:\/\/www.pymelegal.es\/noticias\/rgpd\/que-medidas-de-proteccion-de-datos-deberias-estar-cumpliendo-antes-de-tu-vuelta-al-trabajo#breadcrumb","itemListElement":[{"@type":"ListItem","position":1,"name":"Portada","item":"https:\/\/www.pymelegal.es\/"},{"@type":"ListItem","position":2,"name":"Quines mesures de protecci\u00f3 de dades hauries d\u2019estar complint abans de la teva tornada a la feina?"}]},{"@type":"WebSite","@id":"https:\/\/www.pymelegal.es\/#website","url":"https:\/\/www.pymelegal.es\/","name":"PymeLegal","description":"Adaptaci\u00f3n LOPDGDD-RGPD-LSSICE","publisher":{"@id":"https:\/\/www.pymelegal.es\/#organization"},"potentialAction":[{"@type":"SearchAction","target":{"@type":"EntryPoint","urlTemplate":"https:\/\/www.pymelegal.es\/?s={search_term_string}"},"query-input":{"@type":"PropertyValueSpecification","valueRequired":true,"valueName":"search_term_string"}}],"inLanguage":"ca"},{"@type":"Organization","@id":"https:\/\/www.pymelegal.es\/#organization","name":"PymeLegal","url":"https:\/\/www.pymelegal.es\/","logo":{"@type":"ImageObject","inLanguage":"ca","@id":"https:\/\/www.pymelegal.es\/#\/schema\/logo\/image\/","url":"https:\/\/www.pymelegal.es\/wp-content\/uploads\/2023\/03\/cropped-logo-pymelegal-10-anys-e1678286058678.png","contentUrl":"https:\/\/www.pymelegal.es\/wp-content\/uploads\/2023\/03\/cropped-logo-pymelegal-10-anys-e1678286058678.png","width":2364,"height":694,"caption":"PymeLegal"},"image":{"@id":"https:\/\/www.pymelegal.es\/#\/schema\/logo\/image\/"}},{"@type":"Person","@id":"https:\/\/www.pymelegal.es\/#\/schema\/person\/364442751b92f8a04fc5adde3be95c8f","name":"PymeLegal","image":{"@type":"ImageObject","inLanguage":"ca","@id":"https:\/\/secure.gravatar.com\/avatar\/8114df484a5cd2738a02a5e9462b0881d50584495a20b6ddaeaa1841b1187017?s=96&d=mm&r=g","url":"https:\/\/secure.gravatar.com\/avatar\/8114df484a5cd2738a02a5e9462b0881d50584495a20b6ddaeaa1841b1187017?s=96&d=mm&r=g","contentUrl":"https:\/\/secure.gravatar.com\/avatar\/8114df484a5cd2738a02a5e9462b0881d50584495a20b6ddaeaa1841b1187017?s=96&d=mm&r=g","caption":"PymeLegal"}}]}},"_links":{"self":[{"href":"https:\/\/www.pymelegal.es\/ca\/wp-json\/wp\/v2\/posts\/13207","targetHints":{"allow":["GET"]}}],"collection":[{"href":"https:\/\/www.pymelegal.es\/ca\/wp-json\/wp\/v2\/posts"}],"about":[{"href":"https:\/\/www.pymelegal.es\/ca\/wp-json\/wp\/v2\/types\/post"}],"author":[{"embeddable":true,"href":"https:\/\/www.pymelegal.es\/ca\/wp-json\/wp\/v2\/users\/3"}],"replies":[{"embeddable":true,"href":"https:\/\/www.pymelegal.es\/ca\/wp-json\/wp\/v2\/comments?post=13207"}],"version-history":[{"count":4,"href":"https:\/\/www.pymelegal.es\/ca\/wp-json\/wp\/v2\/posts\/13207\/revisions"}],"predecessor-version":[{"id":13215,"href":"https:\/\/www.pymelegal.es\/ca\/wp-json\/wp\/v2\/posts\/13207\/revisions\/13215"}],"wp:featuredmedia":[{"embeddable":true,"href":"https:\/\/www.pymelegal.es\/ca\/wp-json\/wp\/v2\/media\/13205"}],"wp:attachment":[{"href":"https:\/\/www.pymelegal.es\/ca\/wp-json\/wp\/v2\/media?parent=13207"}],"wp:term":[{"taxonomy":"category","embeddable":true,"href":"https:\/\/www.pymelegal.es\/ca\/wp-json\/wp\/v2\/categories?post=13207"},{"taxonomy":"post_tag","embeddable":true,"href":"https:\/\/www.pymelegal.es\/ca\/wp-json\/wp\/v2\/tags?post=13207"}],"curies":[{"name":"wp","href":"https:\/\/api.w.org\/{rel}","templated":true}]}}