{"id":12713,"date":"2024-03-15T17:50:36","date_gmt":"2024-03-15T16:50:36","guid":{"rendered":"https:\/\/www.pymelegal.es\/?p=12713"},"modified":"2024-03-15T17:50:36","modified_gmt":"2024-03-15T16:50:36","slug":"nou-reglament-dintel%c2%b7ligencia-artificial-de-la-ue","status":"publish","type":"post","link":"https:\/\/www.pymelegal.es\/ca\/noticias\/normatives\/nou-reglament-dintel%c2%b7ligencia-artificial-de-la-ue","title":{"rendered":"Nou Reglament d\u2019Intel\u00b7lig\u00e8ncia Artificial de la UE"},"content":{"rendered":"<p>El passat dimecres 13, el Parlament Europeu va aprovar el nou Reglament d\u2019Intel\u00b7lig\u00e8ncia Artificial per garantir la seguretat i els drets dels ciutadans en l\u2019\u00fas de la IA.<\/p>\n<p>Aquesta normativa arriba despr\u00e9s de v\u00e0ries negociacions entre els Estats membres i <strong>col\u00b7loca a Europa com a l\u00edder <\/strong>en aquest \u00e0mbit, sent el primer que es posiciona davant l\u2019augment d\u2019aquesta tecnologia.<\/p>\n<p>En aquest article volem destacar el m\u00e9s important d\u2019aquesta nova normativa:<\/p>\n<h2><strong>Prohibici\u00f3 d\u2019aplicacions<\/strong><\/h2>\n<p>Es prohibeixen aquelles aplicacions de la IA que amenacen els drets fonamentals dels ciutadans. Per exemple, les que usen dades biom\u00e8triques, considerades una categoria de dades sensibles, o que puguin manipular el comportament hum\u00e0. Tampoc les que extrauen imatges facials d\u2019Internet o de c\u00e0meres de videovigil\u00e0ncia per crear bases de dades de reconeixement facial.<\/p>\n<p>A m\u00e9s, tamb\u00e9 restringeixen els sistemes d\u2019identificaci\u00f3 biom\u00e8trica en les forces de seguretat, com ja varen fer amb els controls horaris, per protegir la privacitat. Nom\u00e9s es permetr\u00e0 utilitzar aquests sistemes en causes necess\u00e0ries i sempre amb autoritzaci\u00f3 judicial pr\u00e8via.<\/p>\n<h2><strong>Obligacions pels sistemes de IA d\u2019alt risc<\/strong><\/h2>\n<p>Els sistemes de IA d\u2019alt risc haurien de tenir avaluacions de riscos, transpar\u00e8ncia i supervisi\u00f3 humana constants. D\u2019aquesta forma es garanteix una implementaci\u00f3 responsable de la IA a la societat, garantint que es compleixin els drets fonamentals i es protegeixi la seguretat de les persones.<\/p>\n<h2><strong>Drets dels ciutadans<\/strong><\/h2>\n<p>Una cosa destacable en aquesta nova normativa \u00e9s la protecci\u00f3 dels drets dels interessats, ja que els ciutadans poden presentar reclamacions i demanar explicacions respecte als sistemes de IA que afecten la seva privacitat i els seus drets.<\/p>\n<p>Per tant, s\u2019enforteix la transpar\u00e8ncia, protecci\u00f3 i control del ciutad\u00e0 sobre la tecnologia, empoderant als ciutadans i fent que es rendeixin comptes en l\u2019\u00fas de la IA.<\/p>\n<h2><strong>Desafiament per les empreses<\/strong><\/h2>\n<p>Totes les empreses que utilitzen sistemes de IA haurien de comen\u00e7ar a implementar sistemes \u00e8tics, responsables i segurs, que permetin aquesta protecci\u00f3 de les persones i que compleixin la nova llei.<\/p>\n<p>A m\u00e9s, no nom\u00e9s per una obligaci\u00f3 de la normativa, sin\u00f3 tamb\u00e9 per garantir la confian\u00e7a del client o consumidor i actualitzar-se en el m\u00f3n digital per ser competitiu.<\/p>\n<h2><strong>Quan s\u2019ha d\u2019aplicar?<\/strong><\/h2>\n<p>La normativa entra en vigor passats els 20 dies de la publicaci\u00f3, per\u00f2 no ser\u00e0 plenament aplicable fins als 24 mesos despr\u00e9s. Tot i que hi ha excepcions:<\/p>\n<ul>\n<li>Prohibicions de pr\u00e0ctiques prohibides (6 mesos)<\/li>\n<li>Codis de pr\u00e0ctica (9 mesos)<\/li>\n<li>Normes de IA d\u2019\u00fas general (inclosa la governan\u00e7a) (12 mesos)<\/li>\n<li>Obligacions per sistemes d\u2019alt risc (36 mesos)<\/li>\n<\/ul>\n<p>&nbsp;<\/p>\n<p>Aquesta normativa \u00e9s un pas endavant per una societat digital m\u00e9s segura i justa, on s\u2019equilibri la innovaci\u00f3 en tecnologia i els drets dels ciutadans.<\/p>\n<p>L\u2019equip de <a href=\"https:\/\/www.pymelegal.es\/ca\/contactar-lopd\"><strong>PymeLegal<\/strong><\/a><\/p>\n","protected":false},"excerpt":{"rendered":"<p>El passat dimecres 13, el Parlament Europeu va aprovar el nou Reglament d\u2019Intel\u00b7lig\u00e8ncia Artificial per garantir la seguretat i els drets dels ciutadans en l\u2019\u00fas de la IA. Aquesta normativa arriba despr\u00e9s de v\u00e0ries negociacions entre els Estats membres i col\u00b7loca a Europa com a l\u00edder en aquest \u00e0mbit, sent el primer que es posiciona &#8230; <a title=\"Nou Reglament d\u2019Intel\u00b7lig\u00e8ncia Artificial de la UE\" class=\"read-more\" href=\"https:\/\/www.pymelegal.es\/ca\/noticias\/normatives\/nou-reglament-dintel%c2%b7ligencia-artificial-de-la-ue\" aria-label=\"M\u00e9s informaci\u00f3 sobre Nou Reglament d\u2019Intel\u00b7lig\u00e8ncia Artificial de la UE\">Read more<\/a><\/p>\n","protected":false},"author":3,"featured_media":12709,"comment_status":"closed","ping_status":"closed","sticky":false,"template":"","format":"standard","meta":{"content-type":"","footnotes":""},"categories":[102],"tags":[351,349,453,208,180,185,502],"class_list":["post-12713","post","type-post","status-publish","format-standard","has-post-thumbnail","hentry","category-normatives","tag-ia-ca","tag-intelligencia-artificial","tag-llei-intelligencia-artificial","tag-privacitat","tag-proteccio-de-dades","tag-rgpd-ca","tag-ue"],"yoast_head":"<!-- This site is optimized with the Yoast SEO plugin v27.5 - https:\/\/yoast.com\/product\/yoast-seo-wordpress\/ -->\n<title>Nou Reglament d\u2019Intel\u00b7lig\u00e8ncia Artificial de la UE - PymeLegal<\/title>\n<meta name=\"description\" content=\"Us expliquem les novetats del nou Reglament de IA, les obligacions i prohibicions i com les empreses hauran d&#039;implementar aquests canvis.\" \/>\n<meta name=\"robots\" content=\"index, follow, max-snippet:-1, max-image-preview:large, max-video-preview:-1\" \/>\n<link rel=\"canonical\" href=\"https:\/\/www.pymelegal.es\/noticias\/normativas\/nuevo-reglamento-de-inteligencia-artificial-de-la-ue\" \/>\n<meta property=\"og:locale\" content=\"ca_ES\" \/>\n<meta property=\"og:type\" content=\"article\" \/>\n<meta property=\"og:title\" content=\"Nou Reglament d\u2019Intel\u00b7lig\u00e8ncia Artificial de la UE - PymeLegal\" \/>\n<meta property=\"og:description\" content=\"Us expliquem les novetats del nou Reglament de IA, les obligacions i prohibicions i com les empreses hauran d&#039;implementar aquests canvis.\" \/>\n<meta property=\"og:url\" content=\"https:\/\/www.pymelegal.es\/noticias\/normativas\/nuevo-reglamento-de-inteligencia-artificial-de-la-ue\" \/>\n<meta property=\"og:site_name\" content=\"PymeLegal\" \/>\n<meta property=\"article:published_time\" content=\"2024-03-15T16:50:36+00:00\" \/>\n<meta property=\"og:image\" content=\"https:\/\/www.pymelegal.es\/wp-content\/uploads\/2024\/03\/inteligencia-artificial.png\" \/>\n\t<meta property=\"og:image:width\" content=\"800\" \/>\n\t<meta property=\"og:image:height\" content=\"400\" \/>\n\t<meta property=\"og:image:type\" content=\"image\/png\" \/>\n<meta name=\"author\" content=\"PymeLegal\" \/>\n<meta name=\"twitter:card\" content=\"summary_large_image\" \/>\n<meta name=\"twitter:label1\" content=\"Escrit per\" \/>\n\t<meta name=\"twitter:data1\" content=\"PymeLegal\" \/>\n\t<meta name=\"twitter:label2\" content=\"Temps estimat de lectura\" \/>\n\t<meta name=\"twitter:data2\" content=\"3 minuts\" \/>\n<script type=\"application\/ld+json\" class=\"yoast-schema-graph\">{\"@context\":\"https:\\\/\\\/schema.org\",\"@graph\":[{\"@type\":\"Article\",\"@id\":\"https:\\\/\\\/www.pymelegal.es\\\/noticias\\\/normativas\\\/nuevo-reglamento-de-inteligencia-artificial-de-la-ue#article\",\"isPartOf\":{\"@id\":\"https:\\\/\\\/www.pymelegal.es\\\/noticias\\\/normativas\\\/nuevo-reglamento-de-inteligencia-artificial-de-la-ue\"},\"author\":{\"name\":\"PymeLegal\",\"@id\":\"https:\\\/\\\/www.pymelegal.es\\\/#\\\/schema\\\/person\\\/364442751b92f8a04fc5adde3be95c8f\"},\"headline\":\"Nou Reglament d\u2019Intel\u00b7lig\u00e8ncia Artificial de la UE\",\"datePublished\":\"2024-03-15T16:50:36+00:00\",\"mainEntityOfPage\":{\"@id\":\"https:\\\/\\\/www.pymelegal.es\\\/noticias\\\/normativas\\\/nuevo-reglamento-de-inteligencia-artificial-de-la-ue\"},\"wordCount\":487,\"publisher\":{\"@id\":\"https:\\\/\\\/www.pymelegal.es\\\/#organization\"},\"image\":{\"@id\":\"https:\\\/\\\/www.pymelegal.es\\\/noticias\\\/normativas\\\/nuevo-reglamento-de-inteligencia-artificial-de-la-ue#primaryimage\"},\"thumbnailUrl\":\"https:\\\/\\\/www.pymelegal.es\\\/wp-content\\\/uploads\\\/2024\\\/03\\\/inteligencia-artificial.png\",\"keywords\":[\"IA\",\"Intel\u00b7lig\u00e8ncia Artificial\",\"llei intel\u00b7lig\u00e8ncia artificial\",\"privacitat\",\"proteccio de dades\",\"RGPD\",\"UE\"],\"articleSection\":[\"NORMATIVES\"],\"inLanguage\":\"ca\"},{\"@type\":\"WebPage\",\"@id\":\"https:\\\/\\\/www.pymelegal.es\\\/noticias\\\/normativas\\\/nuevo-reglamento-de-inteligencia-artificial-de-la-ue\",\"url\":\"https:\\\/\\\/www.pymelegal.es\\\/noticias\\\/normativas\\\/nuevo-reglamento-de-inteligencia-artificial-de-la-ue\",\"name\":\"Nou Reglament d\u2019Intel\u00b7lig\u00e8ncia Artificial de la UE - PymeLegal\",\"isPartOf\":{\"@id\":\"https:\\\/\\\/www.pymelegal.es\\\/#website\"},\"primaryImageOfPage\":{\"@id\":\"https:\\\/\\\/www.pymelegal.es\\\/noticias\\\/normativas\\\/nuevo-reglamento-de-inteligencia-artificial-de-la-ue#primaryimage\"},\"image\":{\"@id\":\"https:\\\/\\\/www.pymelegal.es\\\/noticias\\\/normativas\\\/nuevo-reglamento-de-inteligencia-artificial-de-la-ue#primaryimage\"},\"thumbnailUrl\":\"https:\\\/\\\/www.pymelegal.es\\\/wp-content\\\/uploads\\\/2024\\\/03\\\/inteligencia-artificial.png\",\"datePublished\":\"2024-03-15T16:50:36+00:00\",\"description\":\"Us expliquem les novetats del nou Reglament de IA, les obligacions i prohibicions i com les empreses hauran d'implementar aquests canvis.\",\"breadcrumb\":{\"@id\":\"https:\\\/\\\/www.pymelegal.es\\\/noticias\\\/normativas\\\/nuevo-reglamento-de-inteligencia-artificial-de-la-ue#breadcrumb\"},\"inLanguage\":\"ca\",\"potentialAction\":[{\"@type\":\"ReadAction\",\"target\":[\"https:\\\/\\\/www.pymelegal.es\\\/noticias\\\/normativas\\\/nuevo-reglamento-de-inteligencia-artificial-de-la-ue\"]}]},{\"@type\":\"ImageObject\",\"inLanguage\":\"ca\",\"@id\":\"https:\\\/\\\/www.pymelegal.es\\\/noticias\\\/normativas\\\/nuevo-reglamento-de-inteligencia-artificial-de-la-ue#primaryimage\",\"url\":\"https:\\\/\\\/www.pymelegal.es\\\/wp-content\\\/uploads\\\/2024\\\/03\\\/inteligencia-artificial.png\",\"contentUrl\":\"https:\\\/\\\/www.pymelegal.es\\\/wp-content\\\/uploads\\\/2024\\\/03\\\/inteligencia-artificial.png\",\"width\":800,\"height\":400},{\"@type\":\"BreadcrumbList\",\"@id\":\"https:\\\/\\\/www.pymelegal.es\\\/noticias\\\/normativas\\\/nuevo-reglamento-de-inteligencia-artificial-de-la-ue#breadcrumb\",\"itemListElement\":[{\"@type\":\"ListItem\",\"position\":1,\"name\":\"Portada\",\"item\":\"https:\\\/\\\/www.pymelegal.es\\\/\"},{\"@type\":\"ListItem\",\"position\":2,\"name\":\"Nou Reglament d\u2019Intel\u00b7lig\u00e8ncia Artificial de la UE\"}]},{\"@type\":\"WebSite\",\"@id\":\"https:\\\/\\\/www.pymelegal.es\\\/#website\",\"url\":\"https:\\\/\\\/www.pymelegal.es\\\/\",\"name\":\"PymeLegal\",\"description\":\"Adaptaci\u00f3n LOPDGDD-RGPD-LSSICE\",\"publisher\":{\"@id\":\"https:\\\/\\\/www.pymelegal.es\\\/#organization\"},\"potentialAction\":[{\"@type\":\"SearchAction\",\"target\":{\"@type\":\"EntryPoint\",\"urlTemplate\":\"https:\\\/\\\/www.pymelegal.es\\\/?s={search_term_string}\"},\"query-input\":{\"@type\":\"PropertyValueSpecification\",\"valueRequired\":true,\"valueName\":\"search_term_string\"}}],\"inLanguage\":\"ca\"},{\"@type\":\"Organization\",\"@id\":\"https:\\\/\\\/www.pymelegal.es\\\/#organization\",\"name\":\"PymeLegal\",\"url\":\"https:\\\/\\\/www.pymelegal.es\\\/\",\"logo\":{\"@type\":\"ImageObject\",\"inLanguage\":\"ca\",\"@id\":\"https:\\\/\\\/www.pymelegal.es\\\/#\\\/schema\\\/logo\\\/image\\\/\",\"url\":\"https:\\\/\\\/www.pymelegal.es\\\/wp-content\\\/uploads\\\/2023\\\/03\\\/cropped-logo-pymelegal-10-anys-e1678286058678.png\",\"contentUrl\":\"https:\\\/\\\/www.pymelegal.es\\\/wp-content\\\/uploads\\\/2023\\\/03\\\/cropped-logo-pymelegal-10-anys-e1678286058678.png\",\"width\":2364,\"height\":694,\"caption\":\"PymeLegal\"},\"image\":{\"@id\":\"https:\\\/\\\/www.pymelegal.es\\\/#\\\/schema\\\/logo\\\/image\\\/\"}},{\"@type\":\"Person\",\"@id\":\"https:\\\/\\\/www.pymelegal.es\\\/#\\\/schema\\\/person\\\/364442751b92f8a04fc5adde3be95c8f\",\"name\":\"PymeLegal\",\"image\":{\"@type\":\"ImageObject\",\"inLanguage\":\"ca\",\"@id\":\"https:\\\/\\\/secure.gravatar.com\\\/avatar\\\/8114df484a5cd2738a02a5e9462b0881d50584495a20b6ddaeaa1841b1187017?s=96&d=mm&r=g\",\"url\":\"https:\\\/\\\/secure.gravatar.com\\\/avatar\\\/8114df484a5cd2738a02a5e9462b0881d50584495a20b6ddaeaa1841b1187017?s=96&d=mm&r=g\",\"contentUrl\":\"https:\\\/\\\/secure.gravatar.com\\\/avatar\\\/8114df484a5cd2738a02a5e9462b0881d50584495a20b6ddaeaa1841b1187017?s=96&d=mm&r=g\",\"caption\":\"PymeLegal\"}}]}<\/script>\n<!-- \/ Yoast SEO plugin. -->","yoast_head_json":{"title":"Nou Reglament d\u2019Intel\u00b7lig\u00e8ncia Artificial de la UE - PymeLegal","description":"Us expliquem les novetats del nou Reglament de IA, les obligacions i prohibicions i com les empreses hauran d'implementar aquests canvis.","robots":{"index":"index","follow":"follow","max-snippet":"max-snippet:-1","max-image-preview":"max-image-preview:large","max-video-preview":"max-video-preview:-1"},"canonical":"https:\/\/www.pymelegal.es\/noticias\/normativas\/nuevo-reglamento-de-inteligencia-artificial-de-la-ue","og_locale":"ca_ES","og_type":"article","og_title":"Nou Reglament d\u2019Intel\u00b7lig\u00e8ncia Artificial de la UE - PymeLegal","og_description":"Us expliquem les novetats del nou Reglament de IA, les obligacions i prohibicions i com les empreses hauran d'implementar aquests canvis.","og_url":"https:\/\/www.pymelegal.es\/noticias\/normativas\/nuevo-reglamento-de-inteligencia-artificial-de-la-ue","og_site_name":"PymeLegal","article_published_time":"2024-03-15T16:50:36+00:00","og_image":[{"width":800,"height":400,"url":"https:\/\/www.pymelegal.es\/wp-content\/uploads\/2024\/03\/inteligencia-artificial.png","type":"image\/png"}],"author":"PymeLegal","twitter_card":"summary_large_image","twitter_misc":{"Escrit per":"PymeLegal","Temps estimat de lectura":"3 minuts"},"schema":{"@context":"https:\/\/schema.org","@graph":[{"@type":"Article","@id":"https:\/\/www.pymelegal.es\/noticias\/normativas\/nuevo-reglamento-de-inteligencia-artificial-de-la-ue#article","isPartOf":{"@id":"https:\/\/www.pymelegal.es\/noticias\/normativas\/nuevo-reglamento-de-inteligencia-artificial-de-la-ue"},"author":{"name":"PymeLegal","@id":"https:\/\/www.pymelegal.es\/#\/schema\/person\/364442751b92f8a04fc5adde3be95c8f"},"headline":"Nou Reglament d\u2019Intel\u00b7lig\u00e8ncia Artificial de la UE","datePublished":"2024-03-15T16:50:36+00:00","mainEntityOfPage":{"@id":"https:\/\/www.pymelegal.es\/noticias\/normativas\/nuevo-reglamento-de-inteligencia-artificial-de-la-ue"},"wordCount":487,"publisher":{"@id":"https:\/\/www.pymelegal.es\/#organization"},"image":{"@id":"https:\/\/www.pymelegal.es\/noticias\/normativas\/nuevo-reglamento-de-inteligencia-artificial-de-la-ue#primaryimage"},"thumbnailUrl":"https:\/\/www.pymelegal.es\/wp-content\/uploads\/2024\/03\/inteligencia-artificial.png","keywords":["IA","Intel\u00b7lig\u00e8ncia Artificial","llei intel\u00b7lig\u00e8ncia artificial","privacitat","proteccio de dades","RGPD","UE"],"articleSection":["NORMATIVES"],"inLanguage":"ca"},{"@type":"WebPage","@id":"https:\/\/www.pymelegal.es\/noticias\/normativas\/nuevo-reglamento-de-inteligencia-artificial-de-la-ue","url":"https:\/\/www.pymelegal.es\/noticias\/normativas\/nuevo-reglamento-de-inteligencia-artificial-de-la-ue","name":"Nou Reglament d\u2019Intel\u00b7lig\u00e8ncia Artificial de la UE - PymeLegal","isPartOf":{"@id":"https:\/\/www.pymelegal.es\/#website"},"primaryImageOfPage":{"@id":"https:\/\/www.pymelegal.es\/noticias\/normativas\/nuevo-reglamento-de-inteligencia-artificial-de-la-ue#primaryimage"},"image":{"@id":"https:\/\/www.pymelegal.es\/noticias\/normativas\/nuevo-reglamento-de-inteligencia-artificial-de-la-ue#primaryimage"},"thumbnailUrl":"https:\/\/www.pymelegal.es\/wp-content\/uploads\/2024\/03\/inteligencia-artificial.png","datePublished":"2024-03-15T16:50:36+00:00","description":"Us expliquem les novetats del nou Reglament de IA, les obligacions i prohibicions i com les empreses hauran d'implementar aquests canvis.","breadcrumb":{"@id":"https:\/\/www.pymelegal.es\/noticias\/normativas\/nuevo-reglamento-de-inteligencia-artificial-de-la-ue#breadcrumb"},"inLanguage":"ca","potentialAction":[{"@type":"ReadAction","target":["https:\/\/www.pymelegal.es\/noticias\/normativas\/nuevo-reglamento-de-inteligencia-artificial-de-la-ue"]}]},{"@type":"ImageObject","inLanguage":"ca","@id":"https:\/\/www.pymelegal.es\/noticias\/normativas\/nuevo-reglamento-de-inteligencia-artificial-de-la-ue#primaryimage","url":"https:\/\/www.pymelegal.es\/wp-content\/uploads\/2024\/03\/inteligencia-artificial.png","contentUrl":"https:\/\/www.pymelegal.es\/wp-content\/uploads\/2024\/03\/inteligencia-artificial.png","width":800,"height":400},{"@type":"BreadcrumbList","@id":"https:\/\/www.pymelegal.es\/noticias\/normativas\/nuevo-reglamento-de-inteligencia-artificial-de-la-ue#breadcrumb","itemListElement":[{"@type":"ListItem","position":1,"name":"Portada","item":"https:\/\/www.pymelegal.es\/"},{"@type":"ListItem","position":2,"name":"Nou Reglament d\u2019Intel\u00b7lig\u00e8ncia Artificial de la UE"}]},{"@type":"WebSite","@id":"https:\/\/www.pymelegal.es\/#website","url":"https:\/\/www.pymelegal.es\/","name":"PymeLegal","description":"Adaptaci\u00f3n LOPDGDD-RGPD-LSSICE","publisher":{"@id":"https:\/\/www.pymelegal.es\/#organization"},"potentialAction":[{"@type":"SearchAction","target":{"@type":"EntryPoint","urlTemplate":"https:\/\/www.pymelegal.es\/?s={search_term_string}"},"query-input":{"@type":"PropertyValueSpecification","valueRequired":true,"valueName":"search_term_string"}}],"inLanguage":"ca"},{"@type":"Organization","@id":"https:\/\/www.pymelegal.es\/#organization","name":"PymeLegal","url":"https:\/\/www.pymelegal.es\/","logo":{"@type":"ImageObject","inLanguage":"ca","@id":"https:\/\/www.pymelegal.es\/#\/schema\/logo\/image\/","url":"https:\/\/www.pymelegal.es\/wp-content\/uploads\/2023\/03\/cropped-logo-pymelegal-10-anys-e1678286058678.png","contentUrl":"https:\/\/www.pymelegal.es\/wp-content\/uploads\/2023\/03\/cropped-logo-pymelegal-10-anys-e1678286058678.png","width":2364,"height":694,"caption":"PymeLegal"},"image":{"@id":"https:\/\/www.pymelegal.es\/#\/schema\/logo\/image\/"}},{"@type":"Person","@id":"https:\/\/www.pymelegal.es\/#\/schema\/person\/364442751b92f8a04fc5adde3be95c8f","name":"PymeLegal","image":{"@type":"ImageObject","inLanguage":"ca","@id":"https:\/\/secure.gravatar.com\/avatar\/8114df484a5cd2738a02a5e9462b0881d50584495a20b6ddaeaa1841b1187017?s=96&d=mm&r=g","url":"https:\/\/secure.gravatar.com\/avatar\/8114df484a5cd2738a02a5e9462b0881d50584495a20b6ddaeaa1841b1187017?s=96&d=mm&r=g","contentUrl":"https:\/\/secure.gravatar.com\/avatar\/8114df484a5cd2738a02a5e9462b0881d50584495a20b6ddaeaa1841b1187017?s=96&d=mm&r=g","caption":"PymeLegal"}}]}},"_links":{"self":[{"href":"https:\/\/www.pymelegal.es\/ca\/wp-json\/wp\/v2\/posts\/12713","targetHints":{"allow":["GET"]}}],"collection":[{"href":"https:\/\/www.pymelegal.es\/ca\/wp-json\/wp\/v2\/posts"}],"about":[{"href":"https:\/\/www.pymelegal.es\/ca\/wp-json\/wp\/v2\/types\/post"}],"author":[{"embeddable":true,"href":"https:\/\/www.pymelegal.es\/ca\/wp-json\/wp\/v2\/users\/3"}],"replies":[{"embeddable":true,"href":"https:\/\/www.pymelegal.es\/ca\/wp-json\/wp\/v2\/comments?post=12713"}],"version-history":[{"count":1,"href":"https:\/\/www.pymelegal.es\/ca\/wp-json\/wp\/v2\/posts\/12713\/revisions"}],"predecessor-version":[{"id":12714,"href":"https:\/\/www.pymelegal.es\/ca\/wp-json\/wp\/v2\/posts\/12713\/revisions\/12714"}],"wp:featuredmedia":[{"embeddable":true,"href":"https:\/\/www.pymelegal.es\/ca\/wp-json\/wp\/v2\/media\/12709"}],"wp:attachment":[{"href":"https:\/\/www.pymelegal.es\/ca\/wp-json\/wp\/v2\/media?parent=12713"}],"wp:term":[{"taxonomy":"category","embeddable":true,"href":"https:\/\/www.pymelegal.es\/ca\/wp-json\/wp\/v2\/categories?post=12713"},{"taxonomy":"post_tag","embeddable":true,"href":"https:\/\/www.pymelegal.es\/ca\/wp-json\/wp\/v2\/tags?post=12713"}],"curies":[{"name":"wp","href":"https:\/\/api.w.org\/{rel}","templated":true}]}}