{"id":12323,"date":"2023-12-21T13:01:36","date_gmt":"2023-12-21T12:01:36","guid":{"rendered":"https:\/\/www.pymelegal.es\/?p=12323"},"modified":"2023-12-21T13:01:36","modified_gmt":"2023-12-21T12:01:36","slug":"nou-acord-de-la-unio-europea-sobre-intel%c2%b7ligencia-artificial","status":"publish","type":"post","link":"https:\/\/www.pymelegal.es\/ca\/noticias\/normatives\/nou-acord-de-la-unio-europea-sobre-intel%c2%b7ligencia-artificial","title":{"rendered":"Nou acord de la Uni\u00f3 Europea sobre intel\u00b7lig\u00e8ncia artificial"},"content":{"rendered":"<blockquote><p>Fa unes setmanes els parlamentaris i el Consell de la Uni\u00f3 Europea van arribar a un acord provisional per la futura Llei d\u2019Intel\u00b7lig\u00e8ncia Artificial. D\u2019aquesta forma, ens posicionem com el primer continent en regular la IA, sent referents mundials, com ja va succeir amb el reglament del RGPD.<\/p><\/blockquote>\n<p>Aquest acord t\u00e9 com a objectiu garantir els drets fonamentals, l\u2019Estat de dret, la democr\u00e0cia i la sostenibilitat ambiental enfront de la IA d\u2019alt risc, mentre fomenta la innovaci\u00f3 i posiciona a Europa com a l\u00edder en aquest \u00e0mbit.<\/p>\n<p>Us resumim els punts a destacar d\u2019aquest acord i les normes que han establert per regular la IA segons els riscos i el grau d\u2019impacte:<\/p>\n<h2><strong>Qui ha d\u2019aplicar aquesta nova llei?<\/strong><\/h2>\n<p>L\u2019acord aclareix que no s\u2019aplica a \u00e0rees fora del Dret de la UE, ni afecta les compet\u00e8ncies dels Estats membres en seguretat nacional. A m\u00e9s, aquest reglament no s\u2019aplicar\u00e0 als sistemes de IA utilitzats exclusivament per militats, defensa, investigaci\u00f3 i innovaci\u00f3. Com tampoc per les persones que usen la IA de forma no professional.<\/p>\n<h2><strong>Classificaci\u00f3 com alt risc i pr\u00e0ctiques prohibides:<\/strong><\/h2>\n<p>S\u2019hauran de classificar els sistemes d\u2019intel\u00b7lig\u00e8ncia artificial d\u2019alt risc i aquests tindran unes obligacions espec\u00edfiques. D\u2019aquesta forma, es garanteix que no s\u2019incloguin en aquesta classificaci\u00f3 sistemes de la IA que no provoquen violacions greus dels drets fonamentals, ni suposin altres riscos.<\/p>\n<p>Els sistemes de la IA que tinguin un risc limitat tindran obligacions de transpar\u00e8ncia molt lleus, com, per exemple, deixar clar que el contingut s\u2019ha generat mitjan\u00e7ant la IA.<\/p>\n<p>A m\u00e9s, es prohibir\u00e0 l\u2019\u00fas de la intel\u00b7lig\u00e8ncia artificial quan els riscos es considerin inacceptables. Per exemple, utilitzant la IA per la manipulaci\u00f3 cognitiva conductual, el rastreig indiscriminat d\u2019imatges facials d\u2019internet, el reconeixement d\u2019emocions, la categoritzaci\u00f3 biom\u00e8trica que dedueix dades sensibles o la vigil\u00e0ncia policial predictiva.<\/p>\n<h2><strong>Quines excepcions t\u00e9 l\u2019\u00e0mbit policial?<\/strong><\/h2>\n<p>Donada la necessitat de les autoritats policials d\u2019utilitzar la IA en algunes feines essencials, es van acordar v\u00e0ries modificacions, subjectes a les salvaguardes oportunes, amb l\u2019objectiu de respectar la confidencialitat de les dades operatives delicades que es tractin en les seves activitats.<\/p>\n<p>Per exemple, permeten que en un cas d\u2019urg\u00e8ncia els organismes policials puguin desplegar una eina de IA d\u2019alt risc que no hagi superat el procediment d\u2019avaluaci\u00f3 de la conformitat.<\/p>\n<p>Tamb\u00e9 s\u2019acorda fer restriccions a la identificaci\u00f3 biom\u00e8trica remota en espais p\u00fablics. Encara que aquesta es faci amb excepcions en els casos de v\u00edctimes de delictes de prevenci\u00f3 d\u2019amenaces reals, presents o previsibles, com podrien ser atemptats terroristes i de recerca de persones sospitoses de delictes molt greus.<\/p>\n<h2><strong>Sistemes de IA d\u2019\u00fas general i models fundacionals<\/strong><\/h2>\n<p>A l\u2019acord s\u2019afegeixen v\u00e0ries situacions i casos espec\u00edfics a tenir en compte en les que els sistemes de IA d\u2019\u00fas general s\u2019utilitzen amb diferents fins.<\/p>\n<p>A partir d\u2019unes normes espec\u00edfiques es regulen els sistemes de IA d\u2019\u00fas general i els models fundacionals, que serien aquells que s\u00f3n capa\u00e7os de realitzar moltes tasques com: la generaci\u00f3 de textos, imatges o v\u00eddeos, la conversi\u00f3 en llenguatge lateral, la inform\u00e0tica o la generaci\u00f3 de codis inform\u00e0tics.<\/p>\n<p>A m\u00e9s, els models fundacionals hauran de complir unes obligacions espec\u00edfiques en mat\u00e8ria de transpar\u00e8ncia abans d\u2019introduir-se al mercat.<\/p>\n<p>Tamb\u00e9 s\u2019estableix un r\u00e8gim m\u00e9s estricte per aquells models fundacionals de gran impacte, que s\u00f3n entrenats amb una quantitat molt elevada de dades i que s\u00f3n m\u00e9s complexes, i tenen capacitats avan\u00e7ades i resultats superiors.<\/p>\n<h2><strong>Nova estructura de governan\u00e7a <\/strong><\/h2>\n<p>Donada la necessitat de garantir el compliment d\u2019aquestes normes, es crea una oficina de IA a la Comissi\u00f3 per supervisar els models de IA m\u00e9s avan\u00e7ats, fomentar que es compleixin les normes i es facin les pr\u00e0ctiques necess\u00e0ries d\u2019assaig.<\/p>\n<p>A m\u00e9s, un panell cient\u00edfic d\u2019experts independents assessorar\u00e0 l\u2019oficina de IA sobre els models de IA d\u2019\u00fas general i sobre l\u2019aparici\u00f3 de models fundacionals de gran impacte i supervisant els possibles riscos de seguretat.<\/p>\n<p>Tamb\u00e9 es crear\u00e0 un Comit\u00e8 de IA que est\u00e0 format amb representants dels Estats membres, i que ser\u00e0 l\u2019encarregat d\u2019aplicar el Reglament als diferents Estats.<\/p>\n<p>Finalment, es crear\u00e0 un f\u00f2rum consultiu pels interessats, com poden ser les pimes, representants de la ind\u00fastria, empreses emergents, societat civil o el m\u00f3n acad\u00e8mic, que aportaran coneixements t\u00e8cnics al Comit\u00e8 de IA.<\/p>\n<h2><strong>Quines sancions poden haver-hi?<\/strong><\/h2>\n<p>Les multes per infringir el Reglament d\u2019Intel\u00b7lig\u00e8ncia Artificial seran basades en el percentatge del volum de negocis anual global de l\u2019empresa que hagi com\u00e8s la infracci\u00f3.<\/p>\n<p>Aquestes sancions podrien elevar-se a 35 milions d\u2019euros, \u00e9s a dir, el 7% per les infraccions d\u2019aplicacions de IA prohibides, 15 milions d\u2019euros o el 3% per l\u2019incompliment de les obligacions del Reglament d\u2019Intel\u00b7lig\u00e8ncia Artificial i 7,5 milions d\u2019euros o l\u20191,5% per la presentaci\u00f3 d\u2019informaci\u00f3 inexacta.<\/p>\n<p>Evidentment, haur\u00e0 l\u00edmits m\u00e9s proporcionats per les pimes i les empreses emergents. I es podr\u00e0 presentar reclamacions davant l\u2019autoritat de vigil\u00e0ncia del mercat pertinent.<\/p>\n<h2><strong>Transpar\u00e8ncia i protecci\u00f3 de drets fonamentals:<\/strong><\/h2>\n<p>&#8211; Avaluaci\u00f3 de l\u2019impacte en drets fonamentals abans de la introducci\u00f3 de sistemes de IA d\u2019alt risc.<\/p>\n<p>&#8211; Major transpar\u00e8ncia en l\u2019\u00fas de sistemes de IA d\u2019alt risc.<\/p>\n<p>&#8211; Determinats usuaris d\u2019un sistema de IA d\u2019alt risc estaran obligats a registrar-se a la base de dades de la UE de sistemes de IA d\u2019alt risc.<\/p>\n<p>&#8211; Els usuaris d\u2019un sistema de reconeixement d\u2019emocions estaran obligats a informar a les persones f\u00edsiques a les quals s\u2019exposin a aquest tipus de sistemes.<\/p>\n<h2><strong>Quan entrar\u00e0 en vigor aquesta llei?<\/strong><\/h2>\n<p>Aquest acord estableix que el Reglament d\u2019Intel\u00b7lig\u00e8ncia Artificial haur\u00e0 d\u2019aplicar-se dos anys despr\u00e9s de la seva entrada en vigor. Sempre tenint en compte algunes excepcions.<\/p>\n<p>Per tant, entrar\u00e0 en vigor per complet el 2026, amb una aplicaci\u00f3 gradual.<\/p>\n<h2><strong>Quines s\u00f3n les seg\u00fcents fases d\u2019aquesta llei?<\/strong><\/h2>\n<p>Despr\u00e9s de l\u2019acord provisional que es va llan\u00e7ar fa uns dies, durant les pr\u00f2ximes setmanes continuaran ultimant detalls. I una vegada terminats aquests \u00faltims treballs es presentar\u00e0 el text als representants dels Estats membres.<\/p>\n<p>Les dues institucions hauran de confirmar el text i se sotmetr\u00e0 a una formalitzaci\u00f3 jur\u00eddic-ling\u00fc\u00edstica abans d\u2019adoptar-ho formalment.<\/p>\n<p>&nbsp;<\/p>\n<p>Aquest acord \u00e9s un pas molt important per la regulaci\u00f3 de la IA i per respectar els drets dels ciutadans. Quan tinguem m\u00e9s informaci\u00f3 sobre aquesta tem\u00e0tica, us informarem amb m\u00e9s detall.<\/p>\n<p>L\u2019equip de<a href=\"http:\/\/www.pymelegal.es\"><span style=\"color: #00ccff;\"> <strong>Pyme Legal<\/strong><\/span><\/a><\/p>\n<p>&nbsp;<\/p>\n","protected":false},"excerpt":{"rendered":"<p>Fa unes setmanes els parlamentaris i el Consell de la Uni\u00f3 Europea van arribar a un acord provisional per la futura Llei d\u2019Intel\u00b7lig\u00e8ncia Artificial. D\u2019aquesta forma, ens posicionem com el primer continent en regular la IA, sent referents mundials, com ja va succeir amb el reglament del RGPD. Aquest acord t\u00e9 com a objectiu garantir &#8230; <a title=\"Nou acord de la Uni\u00f3 Europea sobre intel\u00b7lig\u00e8ncia artificial\" class=\"read-more\" href=\"https:\/\/www.pymelegal.es\/ca\/noticias\/normatives\/nou-acord-de-la-unio-europea-sobre-intel%c2%b7ligencia-artificial\" aria-label=\"M\u00e9s informaci\u00f3 sobre Nou acord de la Uni\u00f3 Europea sobre intel\u00b7lig\u00e8ncia artificial\">Read more<\/a><\/p>\n","protected":false},"author":3,"featured_media":12322,"comment_status":"closed","ping_status":"closed","sticky":false,"template":"","format":"standard","meta":{"content-type":"","footnotes":""},"categories":[167,102],"tags":[123,351,349,453,454,185],"class_list":["post-12323","post","type-post","status-publish","format-standard","has-post-thumbnail","hentry","category-aepd-ca","category-normatives","tag-aepd-ca","tag-ia-ca","tag-intelligencia-artificial","tag-llei-intelligencia-artificial","tag-normativa-ca","tag-rgpd-ca"],"yoast_head":"<!-- This site is optimized with the Yoast SEO plugin v27.5 - https:\/\/yoast.com\/product\/yoast-seo-wordpress\/ -->\n<title>Nou acord de la Uni\u00f3 Europea sobre intel\u00b7lig\u00e8ncia artificial - PymeLegal<\/title>\n<meta name=\"description\" content=\"Vols con\u00e8ixer els punts claus de la nova llei d&#039;intel\u00b7lig\u00e8ncia artificial? T&#039;expliquem el m\u00e9s important en aquest article.\" \/>\n<meta name=\"robots\" content=\"index, follow, max-snippet:-1, max-image-preview:large, max-video-preview:-1\" \/>\n<link rel=\"canonical\" href=\"https:\/\/www.pymelegal.es\/noticias\/normativas\/nuevo-acuerdo-de-la-union-europea-sobre-inteligencia-artificial\" \/>\n<meta property=\"og:locale\" content=\"ca_ES\" \/>\n<meta property=\"og:type\" content=\"article\" \/>\n<meta property=\"og:title\" content=\"Nou acord de la Uni\u00f3 Europea sobre intel\u00b7lig\u00e8ncia artificial - PymeLegal\" \/>\n<meta property=\"og:description\" content=\"Vols con\u00e8ixer els punts claus de la nova llei d&#039;intel\u00b7lig\u00e8ncia artificial? T&#039;expliquem el m\u00e9s important en aquest article.\" \/>\n<meta property=\"og:url\" content=\"https:\/\/www.pymelegal.es\/noticias\/normativas\/nuevo-acuerdo-de-la-union-europea-sobre-inteligencia-artificial\" \/>\n<meta property=\"og:site_name\" content=\"PymeLegal\" \/>\n<meta property=\"article:published_time\" content=\"2023-12-21T12:01:36+00:00\" \/>\n<meta property=\"og:image\" content=\"https:\/\/www.pymelegal.es\/wp-content\/uploads\/2023\/12\/acuerdo-inteligencia-artificial-UE.png\" \/>\n\t<meta property=\"og:image:width\" content=\"800\" \/>\n\t<meta property=\"og:image:height\" content=\"400\" \/>\n\t<meta property=\"og:image:type\" content=\"image\/png\" \/>\n<meta name=\"author\" content=\"PymeLegal\" \/>\n<meta name=\"twitter:card\" content=\"summary_large_image\" \/>\n<meta name=\"twitter:label1\" content=\"Escrit per\" \/>\n\t<meta name=\"twitter:data1\" content=\"PymeLegal\" \/>\n\t<meta name=\"twitter:label2\" content=\"Temps estimat de lectura\" \/>\n\t<meta name=\"twitter:data2\" content=\"5 minuts\" \/>\n<script type=\"application\/ld+json\" class=\"yoast-schema-graph\">{\"@context\":\"https:\\\/\\\/schema.org\",\"@graph\":[{\"@type\":\"Article\",\"@id\":\"https:\\\/\\\/www.pymelegal.es\\\/noticias\\\/normativas\\\/nuevo-acuerdo-de-la-union-europea-sobre-inteligencia-artificial#article\",\"isPartOf\":{\"@id\":\"https:\\\/\\\/www.pymelegal.es\\\/noticias\\\/normativas\\\/nuevo-acuerdo-de-la-union-europea-sobre-inteligencia-artificial\"},\"author\":{\"name\":\"PymeLegal\",\"@id\":\"https:\\\/\\\/www.pymelegal.es\\\/#\\\/schema\\\/person\\\/364442751b92f8a04fc5adde3be95c8f\"},\"headline\":\"Nou acord de la Uni\u00f3 Europea sobre intel\u00b7lig\u00e8ncia artificial\",\"datePublished\":\"2023-12-21T12:01:36+00:00\",\"mainEntityOfPage\":{\"@id\":\"https:\\\/\\\/www.pymelegal.es\\\/noticias\\\/normativas\\\/nuevo-acuerdo-de-la-union-europea-sobre-inteligencia-artificial\"},\"wordCount\":1168,\"publisher\":{\"@id\":\"https:\\\/\\\/www.pymelegal.es\\\/#organization\"},\"image\":{\"@id\":\"https:\\\/\\\/www.pymelegal.es\\\/noticias\\\/normativas\\\/nuevo-acuerdo-de-la-union-europea-sobre-inteligencia-artificial#primaryimage\"},\"thumbnailUrl\":\"https:\\\/\\\/www.pymelegal.es\\\/wp-content\\\/uploads\\\/2023\\\/12\\\/acuerdo-inteligencia-artificial-UE.png\",\"keywords\":[\"AEPD\",\"IA\",\"Intel\u00b7lig\u00e8ncia Artificial\",\"llei intel\u00b7lig\u00e8ncia artificial\",\"normativa\",\"RGPD\"],\"articleSection\":[\"AEPD\",\"NORMATIVES\"],\"inLanguage\":\"ca\"},{\"@type\":\"WebPage\",\"@id\":\"https:\\\/\\\/www.pymelegal.es\\\/noticias\\\/normativas\\\/nuevo-acuerdo-de-la-union-europea-sobre-inteligencia-artificial\",\"url\":\"https:\\\/\\\/www.pymelegal.es\\\/noticias\\\/normativas\\\/nuevo-acuerdo-de-la-union-europea-sobre-inteligencia-artificial\",\"name\":\"Nou acord de la Uni\u00f3 Europea sobre intel\u00b7lig\u00e8ncia artificial - PymeLegal\",\"isPartOf\":{\"@id\":\"https:\\\/\\\/www.pymelegal.es\\\/#website\"},\"primaryImageOfPage\":{\"@id\":\"https:\\\/\\\/www.pymelegal.es\\\/noticias\\\/normativas\\\/nuevo-acuerdo-de-la-union-europea-sobre-inteligencia-artificial#primaryimage\"},\"image\":{\"@id\":\"https:\\\/\\\/www.pymelegal.es\\\/noticias\\\/normativas\\\/nuevo-acuerdo-de-la-union-europea-sobre-inteligencia-artificial#primaryimage\"},\"thumbnailUrl\":\"https:\\\/\\\/www.pymelegal.es\\\/wp-content\\\/uploads\\\/2023\\\/12\\\/acuerdo-inteligencia-artificial-UE.png\",\"datePublished\":\"2023-12-21T12:01:36+00:00\",\"description\":\"Vols con\u00e8ixer els punts claus de la nova llei d'intel\u00b7lig\u00e8ncia artificial? T'expliquem el m\u00e9s important en aquest article.\",\"breadcrumb\":{\"@id\":\"https:\\\/\\\/www.pymelegal.es\\\/noticias\\\/normativas\\\/nuevo-acuerdo-de-la-union-europea-sobre-inteligencia-artificial#breadcrumb\"},\"inLanguage\":\"ca\",\"potentialAction\":[{\"@type\":\"ReadAction\",\"target\":[\"https:\\\/\\\/www.pymelegal.es\\\/noticias\\\/normativas\\\/nuevo-acuerdo-de-la-union-europea-sobre-inteligencia-artificial\"]}]},{\"@type\":\"ImageObject\",\"inLanguage\":\"ca\",\"@id\":\"https:\\\/\\\/www.pymelegal.es\\\/noticias\\\/normativas\\\/nuevo-acuerdo-de-la-union-europea-sobre-inteligencia-artificial#primaryimage\",\"url\":\"https:\\\/\\\/www.pymelegal.es\\\/wp-content\\\/uploads\\\/2023\\\/12\\\/acuerdo-inteligencia-artificial-UE.png\",\"contentUrl\":\"https:\\\/\\\/www.pymelegal.es\\\/wp-content\\\/uploads\\\/2023\\\/12\\\/acuerdo-inteligencia-artificial-UE.png\",\"width\":800,\"height\":400},{\"@type\":\"BreadcrumbList\",\"@id\":\"https:\\\/\\\/www.pymelegal.es\\\/noticias\\\/normativas\\\/nuevo-acuerdo-de-la-union-europea-sobre-inteligencia-artificial#breadcrumb\",\"itemListElement\":[{\"@type\":\"ListItem\",\"position\":1,\"name\":\"Portada\",\"item\":\"https:\\\/\\\/www.pymelegal.es\\\/\"},{\"@type\":\"ListItem\",\"position\":2,\"name\":\"Nou acord de la Uni\u00f3 Europea sobre intel\u00b7lig\u00e8ncia artificial\"}]},{\"@type\":\"WebSite\",\"@id\":\"https:\\\/\\\/www.pymelegal.es\\\/#website\",\"url\":\"https:\\\/\\\/www.pymelegal.es\\\/\",\"name\":\"PymeLegal\",\"description\":\"Adaptaci\u00f3n LOPDGDD-RGPD-LSSICE\",\"publisher\":{\"@id\":\"https:\\\/\\\/www.pymelegal.es\\\/#organization\"},\"potentialAction\":[{\"@type\":\"SearchAction\",\"target\":{\"@type\":\"EntryPoint\",\"urlTemplate\":\"https:\\\/\\\/www.pymelegal.es\\\/?s={search_term_string}\"},\"query-input\":{\"@type\":\"PropertyValueSpecification\",\"valueRequired\":true,\"valueName\":\"search_term_string\"}}],\"inLanguage\":\"ca\"},{\"@type\":\"Organization\",\"@id\":\"https:\\\/\\\/www.pymelegal.es\\\/#organization\",\"name\":\"PymeLegal\",\"url\":\"https:\\\/\\\/www.pymelegal.es\\\/\",\"logo\":{\"@type\":\"ImageObject\",\"inLanguage\":\"ca\",\"@id\":\"https:\\\/\\\/www.pymelegal.es\\\/#\\\/schema\\\/logo\\\/image\\\/\",\"url\":\"https:\\\/\\\/www.pymelegal.es\\\/wp-content\\\/uploads\\\/2023\\\/03\\\/cropped-logo-pymelegal-10-anys-e1678286058678.png\",\"contentUrl\":\"https:\\\/\\\/www.pymelegal.es\\\/wp-content\\\/uploads\\\/2023\\\/03\\\/cropped-logo-pymelegal-10-anys-e1678286058678.png\",\"width\":2364,\"height\":694,\"caption\":\"PymeLegal\"},\"image\":{\"@id\":\"https:\\\/\\\/www.pymelegal.es\\\/#\\\/schema\\\/logo\\\/image\\\/\"}},{\"@type\":\"Person\",\"@id\":\"https:\\\/\\\/www.pymelegal.es\\\/#\\\/schema\\\/person\\\/364442751b92f8a04fc5adde3be95c8f\",\"name\":\"PymeLegal\",\"image\":{\"@type\":\"ImageObject\",\"inLanguage\":\"ca\",\"@id\":\"https:\\\/\\\/secure.gravatar.com\\\/avatar\\\/8114df484a5cd2738a02a5e9462b0881d50584495a20b6ddaeaa1841b1187017?s=96&d=mm&r=g\",\"url\":\"https:\\\/\\\/secure.gravatar.com\\\/avatar\\\/8114df484a5cd2738a02a5e9462b0881d50584495a20b6ddaeaa1841b1187017?s=96&d=mm&r=g\",\"contentUrl\":\"https:\\\/\\\/secure.gravatar.com\\\/avatar\\\/8114df484a5cd2738a02a5e9462b0881d50584495a20b6ddaeaa1841b1187017?s=96&d=mm&r=g\",\"caption\":\"PymeLegal\"}}]}<\/script>\n<!-- \/ Yoast SEO plugin. -->","yoast_head_json":{"title":"Nou acord de la Uni\u00f3 Europea sobre intel\u00b7lig\u00e8ncia artificial - PymeLegal","description":"Vols con\u00e8ixer els punts claus de la nova llei d'intel\u00b7lig\u00e8ncia artificial? T'expliquem el m\u00e9s important en aquest article.","robots":{"index":"index","follow":"follow","max-snippet":"max-snippet:-1","max-image-preview":"max-image-preview:large","max-video-preview":"max-video-preview:-1"},"canonical":"https:\/\/www.pymelegal.es\/noticias\/normativas\/nuevo-acuerdo-de-la-union-europea-sobre-inteligencia-artificial","og_locale":"ca_ES","og_type":"article","og_title":"Nou acord de la Uni\u00f3 Europea sobre intel\u00b7lig\u00e8ncia artificial - PymeLegal","og_description":"Vols con\u00e8ixer els punts claus de la nova llei d'intel\u00b7lig\u00e8ncia artificial? T'expliquem el m\u00e9s important en aquest article.","og_url":"https:\/\/www.pymelegal.es\/noticias\/normativas\/nuevo-acuerdo-de-la-union-europea-sobre-inteligencia-artificial","og_site_name":"PymeLegal","article_published_time":"2023-12-21T12:01:36+00:00","og_image":[{"width":800,"height":400,"url":"https:\/\/www.pymelegal.es\/wp-content\/uploads\/2023\/12\/acuerdo-inteligencia-artificial-UE.png","type":"image\/png"}],"author":"PymeLegal","twitter_card":"summary_large_image","twitter_misc":{"Escrit per":"PymeLegal","Temps estimat de lectura":"5 minuts"},"schema":{"@context":"https:\/\/schema.org","@graph":[{"@type":"Article","@id":"https:\/\/www.pymelegal.es\/noticias\/normativas\/nuevo-acuerdo-de-la-union-europea-sobre-inteligencia-artificial#article","isPartOf":{"@id":"https:\/\/www.pymelegal.es\/noticias\/normativas\/nuevo-acuerdo-de-la-union-europea-sobre-inteligencia-artificial"},"author":{"name":"PymeLegal","@id":"https:\/\/www.pymelegal.es\/#\/schema\/person\/364442751b92f8a04fc5adde3be95c8f"},"headline":"Nou acord de la Uni\u00f3 Europea sobre intel\u00b7lig\u00e8ncia artificial","datePublished":"2023-12-21T12:01:36+00:00","mainEntityOfPage":{"@id":"https:\/\/www.pymelegal.es\/noticias\/normativas\/nuevo-acuerdo-de-la-union-europea-sobre-inteligencia-artificial"},"wordCount":1168,"publisher":{"@id":"https:\/\/www.pymelegal.es\/#organization"},"image":{"@id":"https:\/\/www.pymelegal.es\/noticias\/normativas\/nuevo-acuerdo-de-la-union-europea-sobre-inteligencia-artificial#primaryimage"},"thumbnailUrl":"https:\/\/www.pymelegal.es\/wp-content\/uploads\/2023\/12\/acuerdo-inteligencia-artificial-UE.png","keywords":["AEPD","IA","Intel\u00b7lig\u00e8ncia Artificial","llei intel\u00b7lig\u00e8ncia artificial","normativa","RGPD"],"articleSection":["AEPD","NORMATIVES"],"inLanguage":"ca"},{"@type":"WebPage","@id":"https:\/\/www.pymelegal.es\/noticias\/normativas\/nuevo-acuerdo-de-la-union-europea-sobre-inteligencia-artificial","url":"https:\/\/www.pymelegal.es\/noticias\/normativas\/nuevo-acuerdo-de-la-union-europea-sobre-inteligencia-artificial","name":"Nou acord de la Uni\u00f3 Europea sobre intel\u00b7lig\u00e8ncia artificial - PymeLegal","isPartOf":{"@id":"https:\/\/www.pymelegal.es\/#website"},"primaryImageOfPage":{"@id":"https:\/\/www.pymelegal.es\/noticias\/normativas\/nuevo-acuerdo-de-la-union-europea-sobre-inteligencia-artificial#primaryimage"},"image":{"@id":"https:\/\/www.pymelegal.es\/noticias\/normativas\/nuevo-acuerdo-de-la-union-europea-sobre-inteligencia-artificial#primaryimage"},"thumbnailUrl":"https:\/\/www.pymelegal.es\/wp-content\/uploads\/2023\/12\/acuerdo-inteligencia-artificial-UE.png","datePublished":"2023-12-21T12:01:36+00:00","description":"Vols con\u00e8ixer els punts claus de la nova llei d'intel\u00b7lig\u00e8ncia artificial? T'expliquem el m\u00e9s important en aquest article.","breadcrumb":{"@id":"https:\/\/www.pymelegal.es\/noticias\/normativas\/nuevo-acuerdo-de-la-union-europea-sobre-inteligencia-artificial#breadcrumb"},"inLanguage":"ca","potentialAction":[{"@type":"ReadAction","target":["https:\/\/www.pymelegal.es\/noticias\/normativas\/nuevo-acuerdo-de-la-union-europea-sobre-inteligencia-artificial"]}]},{"@type":"ImageObject","inLanguage":"ca","@id":"https:\/\/www.pymelegal.es\/noticias\/normativas\/nuevo-acuerdo-de-la-union-europea-sobre-inteligencia-artificial#primaryimage","url":"https:\/\/www.pymelegal.es\/wp-content\/uploads\/2023\/12\/acuerdo-inteligencia-artificial-UE.png","contentUrl":"https:\/\/www.pymelegal.es\/wp-content\/uploads\/2023\/12\/acuerdo-inteligencia-artificial-UE.png","width":800,"height":400},{"@type":"BreadcrumbList","@id":"https:\/\/www.pymelegal.es\/noticias\/normativas\/nuevo-acuerdo-de-la-union-europea-sobre-inteligencia-artificial#breadcrumb","itemListElement":[{"@type":"ListItem","position":1,"name":"Portada","item":"https:\/\/www.pymelegal.es\/"},{"@type":"ListItem","position":2,"name":"Nou acord de la Uni\u00f3 Europea sobre intel\u00b7lig\u00e8ncia artificial"}]},{"@type":"WebSite","@id":"https:\/\/www.pymelegal.es\/#website","url":"https:\/\/www.pymelegal.es\/","name":"PymeLegal","description":"Adaptaci\u00f3n LOPDGDD-RGPD-LSSICE","publisher":{"@id":"https:\/\/www.pymelegal.es\/#organization"},"potentialAction":[{"@type":"SearchAction","target":{"@type":"EntryPoint","urlTemplate":"https:\/\/www.pymelegal.es\/?s={search_term_string}"},"query-input":{"@type":"PropertyValueSpecification","valueRequired":true,"valueName":"search_term_string"}}],"inLanguage":"ca"},{"@type":"Organization","@id":"https:\/\/www.pymelegal.es\/#organization","name":"PymeLegal","url":"https:\/\/www.pymelegal.es\/","logo":{"@type":"ImageObject","inLanguage":"ca","@id":"https:\/\/www.pymelegal.es\/#\/schema\/logo\/image\/","url":"https:\/\/www.pymelegal.es\/wp-content\/uploads\/2023\/03\/cropped-logo-pymelegal-10-anys-e1678286058678.png","contentUrl":"https:\/\/www.pymelegal.es\/wp-content\/uploads\/2023\/03\/cropped-logo-pymelegal-10-anys-e1678286058678.png","width":2364,"height":694,"caption":"PymeLegal"},"image":{"@id":"https:\/\/www.pymelegal.es\/#\/schema\/logo\/image\/"}},{"@type":"Person","@id":"https:\/\/www.pymelegal.es\/#\/schema\/person\/364442751b92f8a04fc5adde3be95c8f","name":"PymeLegal","image":{"@type":"ImageObject","inLanguage":"ca","@id":"https:\/\/secure.gravatar.com\/avatar\/8114df484a5cd2738a02a5e9462b0881d50584495a20b6ddaeaa1841b1187017?s=96&d=mm&r=g","url":"https:\/\/secure.gravatar.com\/avatar\/8114df484a5cd2738a02a5e9462b0881d50584495a20b6ddaeaa1841b1187017?s=96&d=mm&r=g","contentUrl":"https:\/\/secure.gravatar.com\/avatar\/8114df484a5cd2738a02a5e9462b0881d50584495a20b6ddaeaa1841b1187017?s=96&d=mm&r=g","caption":"PymeLegal"}}]}},"_links":{"self":[{"href":"https:\/\/www.pymelegal.es\/ca\/wp-json\/wp\/v2\/posts\/12323","targetHints":{"allow":["GET"]}}],"collection":[{"href":"https:\/\/www.pymelegal.es\/ca\/wp-json\/wp\/v2\/posts"}],"about":[{"href":"https:\/\/www.pymelegal.es\/ca\/wp-json\/wp\/v2\/types\/post"}],"author":[{"embeddable":true,"href":"https:\/\/www.pymelegal.es\/ca\/wp-json\/wp\/v2\/users\/3"}],"replies":[{"embeddable":true,"href":"https:\/\/www.pymelegal.es\/ca\/wp-json\/wp\/v2\/comments?post=12323"}],"version-history":[{"count":1,"href":"https:\/\/www.pymelegal.es\/ca\/wp-json\/wp\/v2\/posts\/12323\/revisions"}],"predecessor-version":[{"id":12324,"href":"https:\/\/www.pymelegal.es\/ca\/wp-json\/wp\/v2\/posts\/12323\/revisions\/12324"}],"wp:featuredmedia":[{"embeddable":true,"href":"https:\/\/www.pymelegal.es\/ca\/wp-json\/wp\/v2\/media\/12322"}],"wp:attachment":[{"href":"https:\/\/www.pymelegal.es\/ca\/wp-json\/wp\/v2\/media?parent=12323"}],"wp:term":[{"taxonomy":"category","embeddable":true,"href":"https:\/\/www.pymelegal.es\/ca\/wp-json\/wp\/v2\/categories?post=12323"},{"taxonomy":"post_tag","embeddable":true,"href":"https:\/\/www.pymelegal.es\/ca\/wp-json\/wp\/v2\/tags?post=12323"}],"curies":[{"name":"wp","href":"https:\/\/api.w.org\/{rel}","templated":true}]}}