{"id":11262,"date":"2023-01-26T15:42:41","date_gmt":"2023-01-26T14:42:41","guid":{"rendered":"https:\/\/www.pymelegal.es\/?p=11262"},"modified":"2023-01-26T16:11:38","modified_gmt":"2023-01-26T15:11:38","slug":"els-petits-negocis-tambe-han-de-complir-el-rgpd","status":"publish","type":"post","link":"https:\/\/www.pymelegal.es\/ca\/noticias\/rgpd-ca\/els-petits-negocis-tambe-han-de-complir-el-rgpd","title":{"rendered":"Els petits negocis tamb\u00e9 han de complir el RGPD"},"content":{"rendered":"<blockquote><p>Alguna vegada has pensat que el fet de ser una Pime no t\u2019eximeix de complir amb el RGPD? Creus que en el teu negoci no es tracten dades i que, per tant, no tens l\u2019obligaci\u00f3 de complir-ho? Al post d\u2019avui et volem explicar per qu\u00e8 tots els negocis, siguin empreses grans, pimes o aut\u00f2noms, han de complir amb la normativa de protecci\u00f3 de dades.<\/p><\/blockquote>\n<p>El pr\u00f2xim dissabte <strong>28 de gener<\/strong> se celebra el <strong>Dia Europeu de la Protecci\u00f3 de Dades<\/strong>. I aquest any volem enfocar-nos en aquells petits negocis que encara creuen que no \u00e9s necessari complir amb aquesta normativa.<\/p>\n<p>Aquest any 2022 ha estat un any on <strong>s\u2019han tornat a incrementar les sancions per part de l\u2019AEPD<\/strong>, cosa que ja hav\u00edem viscut en els dos \u00faltims anys. Es calcula un total de <strong>283 sancions que sumen 22.965.721 euros<\/strong>.<\/p>\n<p>El pensament general que tenen els petits negocis \u00e9s que aquestes sancions no els arribaran a afectar a ells, sin\u00f3 que nom\u00e9s els hi afecta a les grans empreses. Per\u00f2 s\u2019equivoquen, ja que <strong>nom\u00e9s aquest any l\u2019AEPD ha multat a 178 Pimes que sumen un total de 257.120\u20ac.<\/strong><\/p>\n<p>La celebraci\u00f3 del Dia de la Protecci\u00f3 de Dades \u00e9s important per seguir conscienciant sobre el <strong>dret a la protecci\u00f3 de dades<\/strong>, la <strong>privacitat dels ciutadans<\/strong>, el <strong>compliment de la normativa en les empreses<\/strong> i la important feina que tenen els <strong>professionals de la privacitat i els delegats i delegades de protecci\u00f3 de dades<\/strong>.<\/p>\n<h3><strong>Per qu\u00e8 una petita empresa ha de complir el RGPD?<\/strong><\/h3>\n<p>Actualment, qualsevol <strong>empresa, Pime o aut\u00f2nom ha de complir amb el Reglament Europeu de Protecci\u00f3 de Dades (RGPD) i la Llei Org\u00e0nica 3\/2018 de Protecci\u00f3 de Dades de Car\u00e0cter Personal (LOPDGDD)<\/strong> que s\u2019aplica des del 2018.<\/p>\n<p><strong>No complir amb la normativa de protecci\u00f3 de dades suposa un risc legal<\/strong> en el cas que el teu negoci tracti dades personals d\u2019usuaris, clients, treballadors o prove\u00efdors.<\/p>\n<p>Has de garantir els <strong>drets de protecci\u00f3 de dades<\/strong> i realitzar un <strong>correcte tractament <\/strong>d\u2019aquests. En alguns casos necessitar\u00e0s algun encarregat o responsable de tractament o fins i tot un delegat o delegada de protecci\u00f3 de dades.<\/p>\n<p>La normativa del RGPD obliga a les empreses a informar sobre el <strong>tractament de dades que es du a terme<\/strong>, a obtenir el <strong>consentiment inequ\u00edvoc o expr\u00e9s<\/strong> per tractar-les, a garantir <strong>l\u2019execuci\u00f3 dels drets<\/strong> i a <strong>notificar a l\u2019afectat en cas de bretxes de seguretat<\/strong>.<\/p>\n<p>A m\u00e9s, complir amb la normativa et beneficiar\u00e0, ja que t\u2019ajudar\u00e0 a:<\/p>\n<ul>\n<li>Generar m\u00e9s confian\u00e7a i credibilitat.<\/li>\n<li>Major competitivitat i diferenciaci\u00f3.<\/li>\n<li>Potenciar la teva marca.<\/li>\n<li>Evitar sancions econ\u00f2miques elevades.<\/li>\n<li>Protegir els actius del negoci.<\/li>\n<\/ul>\n<h3><strong>Com recullen dades les petites empreses? <\/strong><\/h3>\n<p>S\u00f3n molts els clients que tenen petis comer\u00e7os o s\u00f3n aut\u00f2noms i creuen que no realitzen un tractament de dades. Per\u00f2 al fer-li algunes q\u00fcestions s\u2019adonen que s\u00ed que ho fan.<\/p>\n<p>Per exemple, un aut\u00f2nom que treballa com a dissenyador gr\u00e0fic i recull dades a la seva p\u00e0gina web amb un formulari de contacte o en la seva newsletter, sempre haur\u00e0 de sol\u00b7licitar el consentiment per tractar aquestes dades. O una psic\u00f2loga que t\u00e9 dades personals dels seus pacients, incl\u00f2s el correu electr\u00f2nic, mai podr\u00e0 utilitzar-ho per enviar publicitat sense un consentiment previ.<\/p>\n<p>Aquestes s\u00f3n algunes de les gestions que podries estar fent en les que es realitza un tractament de dades:<\/p>\n<ul>\n<li>Si tens <strong>cookies actives a la teva web<\/strong> (per saber com naveguen els usuaris) o hi ha <strong>registre de les seves dades<\/strong>.<\/li>\n<li>Per usar les <strong>dades personals en les n\u00f2mines o contractes <\/strong>dels teus treballadors.<\/li>\n<li>Si han d\u2019omplir alguna <strong>documentaci\u00f3<\/strong>,<strong> sol\u00b7licitud<\/strong> o<strong> formulari<\/strong>.<\/li>\n<li>Si utilitzes <strong>c\u00e0meres de videovigil\u00e0ncia<\/strong> en un lloc de treball sempre has d\u2019avisar amb un cartell visible i comunicar-ho als teus treballadors.<\/li>\n<li>Quan tractes <strong>dades de menors<\/strong>, ja que es consideren dades d\u2019alta sensibilitat, incl\u00fas t\u2019obligaria a tenir un DPD.<\/li>\n<li>Quan \u00e9s un <strong>negoci de salut o est\u00e8tica<\/strong>, on es recullen dades relatives a la salut.<\/li>\n<\/ul>\n<h3><strong>Quines sancions pots tenir per no complir el RGPD?<\/strong><\/h3>\n<p>Qualsevol ciutad\u00e0 de la UE t\u00e9 dret a presentar una <strong>den\u00fancia de forma individual o col\u00b7lectiva<\/strong> quan consideri que <strong>s\u2019estan tractant les seves dades personals d\u2019una forma que vulneri el RGPD<\/strong>. I, evidentment, podr\u00e0 rebre una <strong>indemnitzaci\u00f3 pels danys i perjudicis<\/strong> patits.<\/p>\n<p>La<strong> majoria de les multes de l\u2019AEPD el 2022 han estat a petites empreses<\/strong>, encara que aquests casos no siguin tan visibles i no arribin a la premsa.<\/p>\n<p>Per aix\u00f2 molts petits negocis creuen que mai els podr\u00e0 arribar una sanci\u00f3, per\u00f2 s\u2019equivoquen. Qualsevol <strong>client, prove\u00efdor o antic treballador pot denunciar davant de l\u2019AEPD<\/strong>.<\/p>\n<p>Les multes m\u00e9s recurrents solen ser per <strong>queixes d\u2019antics treballadors, serveis d\u2019Internet, contractaci\u00f3 fraudulenta, assumptes laborals o \u00fas indegut de les dades personals<\/strong>, correu, tel\u00e8fon, WhatsApp, etc.<\/p>\n<p>Complir amb la normativa de protecci\u00f3 de dades evita sancions que poden arribar <strong>fins als 20 milions d\u2019euros o al 4% de la facturaci\u00f3 de l\u2019empresa<\/strong> en els casos m\u00e9s greus, tant siguin petits com grans. Sempre es tindr\u00e0 en consideraci\u00f3 la gravetat del fet, la reincid\u00e8ncia, els danys causats amb la infracci\u00f3, drets o interessos vulnerats, per\u00f2 les sancions poden arribar a ser molt elevades.<\/p>\n<p>Aquests s\u00f3n els <strong>8 sectors que han estat m\u00e9s sancionats<\/strong> en mat\u00e8ria de protecci\u00f3 de dades:<\/p>\n<ul>\n<li>Ind\u00fastria i Comer\u00e7: 336 multes (854.479.939\u20ac)<\/li>\n<li>Mitjans, telecomunicacions i radiodifusi\u00f3: 215 multes (1.694.155.541\u20ac)<\/li>\n<li>Sector P\u00fablic i Educaci\u00f3: 172 multes (23.798.763\u20ac)<\/li>\n<li>Finances, Segurs i Consultoria: 152 multes (35.063.908\u20ac)<\/li>\n<li>Cura de la salut: 131 multes (15.032.909\u20ac)<\/li>\n<li>Ocupaci\u00f3: 101 multes (48.140.677\u20ac)<\/li>\n<li>Transport i Energia: 71 multes (86.485.214\u20ac)<\/li>\n<li>Allotjament i Hospitalitat: 51 multes (22.342.048\u20ac)<\/li>\n<\/ul>\n<p>Como veus, tots els negocis poden ser sancionats per l\u2019AEPD. Si vols assegurar-te que el teu negoci compleixi amb la normativa del RGPD, contacta amb nosaltres i<a href=\"https:\/\/www.pymelegal.es\/contactar-lopd\"><span style=\"color: #00ccff;\"><strong> t\u2019ajudem a implantar la documentaci\u00f3 legal<\/strong><\/span><\/a>\u00a0que necessitis.<\/p>\n<p>Equip de <strong><a href=\"https:\/\/www.pymelegal.es\/contactar-lopd\"><span style=\"color: #00ccff;\">PymeLegal<\/span><\/a>.<\/strong><\/p>\n","protected":false},"excerpt":{"rendered":"<p>Alguna vegada has pensat que el fet de ser una Pime no t\u2019eximeix de complir amb el RGPD? Creus que en el teu negoci no es tracten dades i que, per tant, no tens l\u2019obligaci\u00f3 de complir-ho? Al post d\u2019avui et volem explicar per qu\u00e8 tots els negocis, siguin empreses grans, pimes o aut\u00f2noms, han &#8230; <a title=\"Els petits negocis tamb\u00e9 han de complir el RGPD\" class=\"read-more\" href=\"https:\/\/www.pymelegal.es\/ca\/noticias\/rgpd-ca\/els-petits-negocis-tambe-han-de-complir-el-rgpd\" aria-label=\"M\u00e9s informaci\u00f3 sobre Els petits negocis tamb\u00e9 han de complir el RGPD\">Read more<\/a><\/p>\n","protected":false},"author":3,"featured_media":11261,"comment_status":"closed","ping_status":"closed","sticky":false,"template":"","format":"standard","meta":{"content-type":"","footnotes":""},"categories":[115],"tags":[123,296,293,294,295,185,112],"class_list":["post-11262","post","type-post","status-publish","format-standard","has-post-thumbnail","hentry","category-rgpd-ca","tag-aepd-ca","tag-autonoms","tag-petit-comerc","tag-petits-comercos","tag-petits-negocis","tag-rgpd-ca","tag-sancions-ca"],"yoast_head":"<!-- This site is optimized with the Yoast SEO plugin v27.5 - https:\/\/yoast.com\/product\/yoast-seo-wordpress\/ -->\n<title>Els petits negocis tamb\u00e9 han de complir el RGPD - PymeLegal<\/title>\n<meta name=\"description\" content=\"Alguna vegada has pensat que el ser una Pime t&#039;eximeix de complir amb el RGPD? Tots els negocis, petits o grans, han de complir-ho.\" \/>\n<meta name=\"robots\" content=\"index, follow, max-snippet:-1, max-image-preview:large, max-video-preview:-1\" \/>\n<link rel=\"canonical\" href=\"https:\/\/www.pymelegal.es\/noticias\/rgpd\/los-pequenos-negocios-tambien-deben-cumplir-el-rgpd\" \/>\n<meta property=\"og:locale\" content=\"ca_ES\" \/>\n<meta property=\"og:type\" content=\"article\" \/>\n<meta property=\"og:title\" content=\"Els petits negocis tamb\u00e9 han de complir el RGPD - PymeLegal\" \/>\n<meta property=\"og:description\" content=\"Alguna vegada has pensat que el ser una Pime t&#039;eximeix de complir amb el RGPD? Tots els negocis, petits o grans, han de complir-ho.\" \/>\n<meta property=\"og:url\" content=\"https:\/\/www.pymelegal.es\/noticias\/rgpd\/los-pequenos-negocios-tambien-deben-cumplir-el-rgpd\" \/>\n<meta property=\"og:site_name\" content=\"PymeLegal\" \/>\n<meta property=\"article:published_time\" content=\"2023-01-26T14:42:41+00:00\" \/>\n<meta property=\"article:modified_time\" content=\"2023-01-26T15:11:38+00:00\" \/>\n<meta property=\"og:image\" content=\"https:\/\/www.pymelegal.es\/wp-content\/uploads\/2023\/01\/Imatges-Wordpress.png\" \/>\n\t<meta property=\"og:image:width\" content=\"800\" \/>\n\t<meta property=\"og:image:height\" content=\"400\" \/>\n\t<meta property=\"og:image:type\" content=\"image\/png\" \/>\n<meta name=\"author\" content=\"PymeLegal\" \/>\n<meta name=\"twitter:card\" content=\"summary_large_image\" \/>\n<meta name=\"twitter:label1\" content=\"Escrit per\" \/>\n\t<meta name=\"twitter:data1\" content=\"PymeLegal\" \/>\n\t<meta name=\"twitter:label2\" content=\"Temps estimat de lectura\" \/>\n\t<meta name=\"twitter:data2\" content=\"5 minuts\" \/>\n<script type=\"application\/ld+json\" class=\"yoast-schema-graph\">{\"@context\":\"https:\\\/\\\/schema.org\",\"@graph\":[{\"@type\":\"Article\",\"@id\":\"https:\\\/\\\/www.pymelegal.es\\\/noticias\\\/rgpd\\\/los-pequenos-negocios-tambien-deben-cumplir-el-rgpd#article\",\"isPartOf\":{\"@id\":\"https:\\\/\\\/www.pymelegal.es\\\/noticias\\\/rgpd\\\/los-pequenos-negocios-tambien-deben-cumplir-el-rgpd\"},\"author\":{\"name\":\"PymeLegal\",\"@id\":\"https:\\\/\\\/www.pymelegal.es\\\/#\\\/schema\\\/person\\\/364442751b92f8a04fc5adde3be95c8f\"},\"headline\":\"Els petits negocis tamb\u00e9 han de complir el RGPD\",\"datePublished\":\"2023-01-26T14:42:41+00:00\",\"dateModified\":\"2023-01-26T15:11:38+00:00\",\"mainEntityOfPage\":{\"@id\":\"https:\\\/\\\/www.pymelegal.es\\\/noticias\\\/rgpd\\\/los-pequenos-negocios-tambien-deben-cumplir-el-rgpd\"},\"wordCount\":1007,\"publisher\":{\"@id\":\"https:\\\/\\\/www.pymelegal.es\\\/#organization\"},\"image\":{\"@id\":\"https:\\\/\\\/www.pymelegal.es\\\/noticias\\\/rgpd\\\/los-pequenos-negocios-tambien-deben-cumplir-el-rgpd#primaryimage\"},\"thumbnailUrl\":\"https:\\\/\\\/www.pymelegal.es\\\/wp-content\\\/uploads\\\/2023\\\/01\\\/Imatges-Wordpress.png\",\"keywords\":[\"AEPD\",\"aut\u00f2noms\",\"petit comer\u00e7\",\"petits comer\u00e7os\",\"petits negocis\",\"RGPD\",\"sancions\"],\"articleSection\":[\"RGPD\"],\"inLanguage\":\"ca\"},{\"@type\":\"WebPage\",\"@id\":\"https:\\\/\\\/www.pymelegal.es\\\/noticias\\\/rgpd\\\/los-pequenos-negocios-tambien-deben-cumplir-el-rgpd\",\"url\":\"https:\\\/\\\/www.pymelegal.es\\\/noticias\\\/rgpd\\\/los-pequenos-negocios-tambien-deben-cumplir-el-rgpd\",\"name\":\"Els petits negocis tamb\u00e9 han de complir el RGPD - PymeLegal\",\"isPartOf\":{\"@id\":\"https:\\\/\\\/www.pymelegal.es\\\/#website\"},\"primaryImageOfPage\":{\"@id\":\"https:\\\/\\\/www.pymelegal.es\\\/noticias\\\/rgpd\\\/los-pequenos-negocios-tambien-deben-cumplir-el-rgpd#primaryimage\"},\"image\":{\"@id\":\"https:\\\/\\\/www.pymelegal.es\\\/noticias\\\/rgpd\\\/los-pequenos-negocios-tambien-deben-cumplir-el-rgpd#primaryimage\"},\"thumbnailUrl\":\"https:\\\/\\\/www.pymelegal.es\\\/wp-content\\\/uploads\\\/2023\\\/01\\\/Imatges-Wordpress.png\",\"datePublished\":\"2023-01-26T14:42:41+00:00\",\"dateModified\":\"2023-01-26T15:11:38+00:00\",\"description\":\"Alguna vegada has pensat que el ser una Pime t'eximeix de complir amb el RGPD? Tots els negocis, petits o grans, han de complir-ho.\",\"breadcrumb\":{\"@id\":\"https:\\\/\\\/www.pymelegal.es\\\/noticias\\\/rgpd\\\/los-pequenos-negocios-tambien-deben-cumplir-el-rgpd#breadcrumb\"},\"inLanguage\":\"ca\",\"potentialAction\":[{\"@type\":\"ReadAction\",\"target\":[\"https:\\\/\\\/www.pymelegal.es\\\/noticias\\\/rgpd\\\/los-pequenos-negocios-tambien-deben-cumplir-el-rgpd\"]}]},{\"@type\":\"ImageObject\",\"inLanguage\":\"ca\",\"@id\":\"https:\\\/\\\/www.pymelegal.es\\\/noticias\\\/rgpd\\\/los-pequenos-negocios-tambien-deben-cumplir-el-rgpd#primaryimage\",\"url\":\"https:\\\/\\\/www.pymelegal.es\\\/wp-content\\\/uploads\\\/2023\\\/01\\\/Imatges-Wordpress.png\",\"contentUrl\":\"https:\\\/\\\/www.pymelegal.es\\\/wp-content\\\/uploads\\\/2023\\\/01\\\/Imatges-Wordpress.png\",\"width\":800,\"height\":400},{\"@type\":\"BreadcrumbList\",\"@id\":\"https:\\\/\\\/www.pymelegal.es\\\/noticias\\\/rgpd\\\/los-pequenos-negocios-tambien-deben-cumplir-el-rgpd#breadcrumb\",\"itemListElement\":[{\"@type\":\"ListItem\",\"position\":1,\"name\":\"Portada\",\"item\":\"https:\\\/\\\/www.pymelegal.es\\\/\"},{\"@type\":\"ListItem\",\"position\":2,\"name\":\"Els petits negocis tamb\u00e9 han de complir el RGPD\"}]},{\"@type\":\"WebSite\",\"@id\":\"https:\\\/\\\/www.pymelegal.es\\\/#website\",\"url\":\"https:\\\/\\\/www.pymelegal.es\\\/\",\"name\":\"PymeLegal\",\"description\":\"Adaptaci\u00f3n LOPDGDD-RGPD-LSSICE\",\"publisher\":{\"@id\":\"https:\\\/\\\/www.pymelegal.es\\\/#organization\"},\"potentialAction\":[{\"@type\":\"SearchAction\",\"target\":{\"@type\":\"EntryPoint\",\"urlTemplate\":\"https:\\\/\\\/www.pymelegal.es\\\/?s={search_term_string}\"},\"query-input\":{\"@type\":\"PropertyValueSpecification\",\"valueRequired\":true,\"valueName\":\"search_term_string\"}}],\"inLanguage\":\"ca\"},{\"@type\":\"Organization\",\"@id\":\"https:\\\/\\\/www.pymelegal.es\\\/#organization\",\"name\":\"PymeLegal\",\"url\":\"https:\\\/\\\/www.pymelegal.es\\\/\",\"logo\":{\"@type\":\"ImageObject\",\"inLanguage\":\"ca\",\"@id\":\"https:\\\/\\\/www.pymelegal.es\\\/#\\\/schema\\\/logo\\\/image\\\/\",\"url\":\"https:\\\/\\\/www.pymelegal.es\\\/wp-content\\\/uploads\\\/2023\\\/03\\\/cropped-logo-pymelegal-10-anys-e1678286058678.png\",\"contentUrl\":\"https:\\\/\\\/www.pymelegal.es\\\/wp-content\\\/uploads\\\/2023\\\/03\\\/cropped-logo-pymelegal-10-anys-e1678286058678.png\",\"width\":2364,\"height\":694,\"caption\":\"PymeLegal\"},\"image\":{\"@id\":\"https:\\\/\\\/www.pymelegal.es\\\/#\\\/schema\\\/logo\\\/image\\\/\"}},{\"@type\":\"Person\",\"@id\":\"https:\\\/\\\/www.pymelegal.es\\\/#\\\/schema\\\/person\\\/364442751b92f8a04fc5adde3be95c8f\",\"name\":\"PymeLegal\",\"image\":{\"@type\":\"ImageObject\",\"inLanguage\":\"ca\",\"@id\":\"https:\\\/\\\/secure.gravatar.com\\\/avatar\\\/8114df484a5cd2738a02a5e9462b0881d50584495a20b6ddaeaa1841b1187017?s=96&d=mm&r=g\",\"url\":\"https:\\\/\\\/secure.gravatar.com\\\/avatar\\\/8114df484a5cd2738a02a5e9462b0881d50584495a20b6ddaeaa1841b1187017?s=96&d=mm&r=g\",\"contentUrl\":\"https:\\\/\\\/secure.gravatar.com\\\/avatar\\\/8114df484a5cd2738a02a5e9462b0881d50584495a20b6ddaeaa1841b1187017?s=96&d=mm&r=g\",\"caption\":\"PymeLegal\"}}]}<\/script>\n<!-- \/ Yoast SEO plugin. -->","yoast_head_json":{"title":"Els petits negocis tamb\u00e9 han de complir el RGPD - PymeLegal","description":"Alguna vegada has pensat que el ser una Pime t'eximeix de complir amb el RGPD? Tots els negocis, petits o grans, han de complir-ho.","robots":{"index":"index","follow":"follow","max-snippet":"max-snippet:-1","max-image-preview":"max-image-preview:large","max-video-preview":"max-video-preview:-1"},"canonical":"https:\/\/www.pymelegal.es\/noticias\/rgpd\/los-pequenos-negocios-tambien-deben-cumplir-el-rgpd","og_locale":"ca_ES","og_type":"article","og_title":"Els petits negocis tamb\u00e9 han de complir el RGPD - PymeLegal","og_description":"Alguna vegada has pensat que el ser una Pime t'eximeix de complir amb el RGPD? Tots els negocis, petits o grans, han de complir-ho.","og_url":"https:\/\/www.pymelegal.es\/noticias\/rgpd\/los-pequenos-negocios-tambien-deben-cumplir-el-rgpd","og_site_name":"PymeLegal","article_published_time":"2023-01-26T14:42:41+00:00","article_modified_time":"2023-01-26T15:11:38+00:00","og_image":[{"width":800,"height":400,"url":"https:\/\/www.pymelegal.es\/wp-content\/uploads\/2023\/01\/Imatges-Wordpress.png","type":"image\/png"}],"author":"PymeLegal","twitter_card":"summary_large_image","twitter_misc":{"Escrit per":"PymeLegal","Temps estimat de lectura":"5 minuts"},"schema":{"@context":"https:\/\/schema.org","@graph":[{"@type":"Article","@id":"https:\/\/www.pymelegal.es\/noticias\/rgpd\/los-pequenos-negocios-tambien-deben-cumplir-el-rgpd#article","isPartOf":{"@id":"https:\/\/www.pymelegal.es\/noticias\/rgpd\/los-pequenos-negocios-tambien-deben-cumplir-el-rgpd"},"author":{"name":"PymeLegal","@id":"https:\/\/www.pymelegal.es\/#\/schema\/person\/364442751b92f8a04fc5adde3be95c8f"},"headline":"Els petits negocis tamb\u00e9 han de complir el RGPD","datePublished":"2023-01-26T14:42:41+00:00","dateModified":"2023-01-26T15:11:38+00:00","mainEntityOfPage":{"@id":"https:\/\/www.pymelegal.es\/noticias\/rgpd\/los-pequenos-negocios-tambien-deben-cumplir-el-rgpd"},"wordCount":1007,"publisher":{"@id":"https:\/\/www.pymelegal.es\/#organization"},"image":{"@id":"https:\/\/www.pymelegal.es\/noticias\/rgpd\/los-pequenos-negocios-tambien-deben-cumplir-el-rgpd#primaryimage"},"thumbnailUrl":"https:\/\/www.pymelegal.es\/wp-content\/uploads\/2023\/01\/Imatges-Wordpress.png","keywords":["AEPD","aut\u00f2noms","petit comer\u00e7","petits comer\u00e7os","petits negocis","RGPD","sancions"],"articleSection":["RGPD"],"inLanguage":"ca"},{"@type":"WebPage","@id":"https:\/\/www.pymelegal.es\/noticias\/rgpd\/los-pequenos-negocios-tambien-deben-cumplir-el-rgpd","url":"https:\/\/www.pymelegal.es\/noticias\/rgpd\/los-pequenos-negocios-tambien-deben-cumplir-el-rgpd","name":"Els petits negocis tamb\u00e9 han de complir el RGPD - PymeLegal","isPartOf":{"@id":"https:\/\/www.pymelegal.es\/#website"},"primaryImageOfPage":{"@id":"https:\/\/www.pymelegal.es\/noticias\/rgpd\/los-pequenos-negocios-tambien-deben-cumplir-el-rgpd#primaryimage"},"image":{"@id":"https:\/\/www.pymelegal.es\/noticias\/rgpd\/los-pequenos-negocios-tambien-deben-cumplir-el-rgpd#primaryimage"},"thumbnailUrl":"https:\/\/www.pymelegal.es\/wp-content\/uploads\/2023\/01\/Imatges-Wordpress.png","datePublished":"2023-01-26T14:42:41+00:00","dateModified":"2023-01-26T15:11:38+00:00","description":"Alguna vegada has pensat que el ser una Pime t'eximeix de complir amb el RGPD? Tots els negocis, petits o grans, han de complir-ho.","breadcrumb":{"@id":"https:\/\/www.pymelegal.es\/noticias\/rgpd\/los-pequenos-negocios-tambien-deben-cumplir-el-rgpd#breadcrumb"},"inLanguage":"ca","potentialAction":[{"@type":"ReadAction","target":["https:\/\/www.pymelegal.es\/noticias\/rgpd\/los-pequenos-negocios-tambien-deben-cumplir-el-rgpd"]}]},{"@type":"ImageObject","inLanguage":"ca","@id":"https:\/\/www.pymelegal.es\/noticias\/rgpd\/los-pequenos-negocios-tambien-deben-cumplir-el-rgpd#primaryimage","url":"https:\/\/www.pymelegal.es\/wp-content\/uploads\/2023\/01\/Imatges-Wordpress.png","contentUrl":"https:\/\/www.pymelegal.es\/wp-content\/uploads\/2023\/01\/Imatges-Wordpress.png","width":800,"height":400},{"@type":"BreadcrumbList","@id":"https:\/\/www.pymelegal.es\/noticias\/rgpd\/los-pequenos-negocios-tambien-deben-cumplir-el-rgpd#breadcrumb","itemListElement":[{"@type":"ListItem","position":1,"name":"Portada","item":"https:\/\/www.pymelegal.es\/"},{"@type":"ListItem","position":2,"name":"Els petits negocis tamb\u00e9 han de complir el RGPD"}]},{"@type":"WebSite","@id":"https:\/\/www.pymelegal.es\/#website","url":"https:\/\/www.pymelegal.es\/","name":"PymeLegal","description":"Adaptaci\u00f3n LOPDGDD-RGPD-LSSICE","publisher":{"@id":"https:\/\/www.pymelegal.es\/#organization"},"potentialAction":[{"@type":"SearchAction","target":{"@type":"EntryPoint","urlTemplate":"https:\/\/www.pymelegal.es\/?s={search_term_string}"},"query-input":{"@type":"PropertyValueSpecification","valueRequired":true,"valueName":"search_term_string"}}],"inLanguage":"ca"},{"@type":"Organization","@id":"https:\/\/www.pymelegal.es\/#organization","name":"PymeLegal","url":"https:\/\/www.pymelegal.es\/","logo":{"@type":"ImageObject","inLanguage":"ca","@id":"https:\/\/www.pymelegal.es\/#\/schema\/logo\/image\/","url":"https:\/\/www.pymelegal.es\/wp-content\/uploads\/2023\/03\/cropped-logo-pymelegal-10-anys-e1678286058678.png","contentUrl":"https:\/\/www.pymelegal.es\/wp-content\/uploads\/2023\/03\/cropped-logo-pymelegal-10-anys-e1678286058678.png","width":2364,"height":694,"caption":"PymeLegal"},"image":{"@id":"https:\/\/www.pymelegal.es\/#\/schema\/logo\/image\/"}},{"@type":"Person","@id":"https:\/\/www.pymelegal.es\/#\/schema\/person\/364442751b92f8a04fc5adde3be95c8f","name":"PymeLegal","image":{"@type":"ImageObject","inLanguage":"ca","@id":"https:\/\/secure.gravatar.com\/avatar\/8114df484a5cd2738a02a5e9462b0881d50584495a20b6ddaeaa1841b1187017?s=96&d=mm&r=g","url":"https:\/\/secure.gravatar.com\/avatar\/8114df484a5cd2738a02a5e9462b0881d50584495a20b6ddaeaa1841b1187017?s=96&d=mm&r=g","contentUrl":"https:\/\/secure.gravatar.com\/avatar\/8114df484a5cd2738a02a5e9462b0881d50584495a20b6ddaeaa1841b1187017?s=96&d=mm&r=g","caption":"PymeLegal"}}]}},"_links":{"self":[{"href":"https:\/\/www.pymelegal.es\/ca\/wp-json\/wp\/v2\/posts\/11262","targetHints":{"allow":["GET"]}}],"collection":[{"href":"https:\/\/www.pymelegal.es\/ca\/wp-json\/wp\/v2\/posts"}],"about":[{"href":"https:\/\/www.pymelegal.es\/ca\/wp-json\/wp\/v2\/types\/post"}],"author":[{"embeddable":true,"href":"https:\/\/www.pymelegal.es\/ca\/wp-json\/wp\/v2\/users\/3"}],"replies":[{"embeddable":true,"href":"https:\/\/www.pymelegal.es\/ca\/wp-json\/wp\/v2\/comments?post=11262"}],"version-history":[{"count":2,"href":"https:\/\/www.pymelegal.es\/ca\/wp-json\/wp\/v2\/posts\/11262\/revisions"}],"predecessor-version":[{"id":11265,"href":"https:\/\/www.pymelegal.es\/ca\/wp-json\/wp\/v2\/posts\/11262\/revisions\/11265"}],"wp:featuredmedia":[{"embeddable":true,"href":"https:\/\/www.pymelegal.es\/ca\/wp-json\/wp\/v2\/media\/11261"}],"wp:attachment":[{"href":"https:\/\/www.pymelegal.es\/ca\/wp-json\/wp\/v2\/media?parent=11262"}],"wp:term":[{"taxonomy":"category","embeddable":true,"href":"https:\/\/www.pymelegal.es\/ca\/wp-json\/wp\/v2\/categories?post=11262"},{"taxonomy":"post_tag","embeddable":true,"href":"https:\/\/www.pymelegal.es\/ca\/wp-json\/wp\/v2\/tags?post=11262"}],"curies":[{"name":"wp","href":"https:\/\/api.w.org\/{rel}","templated":true}]}}