{"id":10888,"date":"2022-06-01T09:18:44","date_gmt":"2022-06-01T08:18:44","guid":{"rendered":"https:\/\/www.pymelegal.es\/?p=10888"},"modified":"2022-06-01T09:57:06","modified_gmt":"2022-06-01T08:57:06","slug":"delegat-de-proteccio-de-dades-criteris-per-a-la-seva-correcta-designacio","status":"publish","type":"post","link":"https:\/\/www.pymelegal.es\/ca\/noticias\/rgpd-ca\/delegat-de-proteccio-de-dades-criteris-per-a-la-seva-correcta-designacio","title":{"rendered":"Delegat de Protecci\u00f3 de Dades: criteris per a la seva correcta designaci\u00f3"},"content":{"rendered":"<blockquote>\n<p style=\"text-align: justify;\">Sabies que per nomenar un Delegat de protecci\u00f3 de dades (DPO o DPD) has de complir una s\u00e8rie de requisits? I si ja ho tens registrat, saps si \u00e9s correcta aquesta designaci\u00f3? Continua llegint, doncs aix\u00f2 t&#8217;interessa ja que resoldrem alguns dels dubtes que ens han plantejat els nostres clients.<\/p>\n<\/blockquote>\n<p style=\"text-align: justify;\">\u00c9s innegable que el <strong>Delegat de Protecci\u00f3 de Dades<\/strong> s&#8217;est\u00e0 convertint en una figura cada cop m\u00e9s <strong>necess\u00e0ria<\/strong> i, en molts casos, <strong>recomanable<\/strong> per al tractament de dades i informaci\u00f3 que es realitza a les empreses. Aquesta necessitat sol venir acompanyada d&#8217;una s\u00e8rie de dubtes sobre la seva designaci\u00f3, quan \u00e9s obligatori i quan no, etc. Per aclarir algun d&#8217;aquests dubtes, la mateixa <strong>AEPD<\/strong> s&#8217;ha pronunciat en un informe recent on indica, entre altres assumptes, els <strong>criteris de formaci\u00f3 te\u00f2ric pr\u00e0ctics i la validesa de designar persones vinculades amb l&#8217;organitzaci\u00f3.<\/strong><\/p>\n<p style=\"text-align: justify;\"><strong>Abans de comen\u00e7ar<\/strong> amb l&#8217;exposici\u00f3 del recent informe em\u00e8s per l&#8217;AEPD, us <strong>recomanem la lectura<\/strong> dels nostres articles on parlem de la designaci\u00f3, obligatorietat i aspectes clau sobre aquesta figura: <a href=\"https:\/\/www.pymelegal.es\/noticias\/rgpd\/que-es-el-delegado-de-proteccion-de-datos-o-dpd-dpo\" target=\"_blank\" rel=\"noopener\"><strong>que \u00e9s la figura del DPD<\/strong><\/a><strong>,<\/strong> <a href=\"https:\/\/www.pymelegal.es\/noticias\/rgpd\/aspectos-clave-delegado-de-proteccion-de-datos\" target=\"_blank\" rel=\"noopener\"><strong>aspectes clau<\/strong><\/a> i quines <a href=\"https:\/\/www.pymelegal.es\/noticias\/rgpd\/canal-de-denuncias-internas\" target=\"_blank\" rel=\"noopener\"><strong>noves empreses s&#8217;inclouen obligaci\u00f3 de designar-lo.<\/strong><\/a><\/p>\n<p style=\"text-align: justify;\">Entrant ja en mat\u00e8ria, en primer lloc, <strong>quins s\u00f3n els criteris m\u00e9s importants per a la designaci\u00f3 del DPD? \u00c9s necess\u00e0ria una preparaci\u00f3 te\u00f2rica i pr\u00e0ctica per a la seva correcta designaci\u00f3.<\/strong><\/p>\n<p style=\"text-align: justify;\">L&#8217;AEPD segueix el que indica el <strong>Document del Grup de l&#8217;Article 29 \u201cDirectrius sobre els delegats de protecci\u00f3 de dades\u201d<\/strong>, on es requereix:<\/p>\n<p style=\"text-align: justify;\"><strong>&#8211; Nivell de coneixements: <\/strong>Si b\u00e9 no v\u00e9nen predefinits, cal designar un DPD <strong>tenint en compte les dades que es tracten<\/strong>, \u00e9s a dir, segons la seva <strong>sensibilitat, complexitat i quantitat<\/strong>. Una organitzaci\u00f3 amb una activitat complexa o que tracta moltes dades necessita un DPD plenament format en aquestes mat\u00e8ries, amb m\u00e9s coneixements i preparaci\u00f3.<\/p>\n<p style=\"text-align: justify;\"><strong>&#8211; Qualitats professionals<\/strong>: Tampoc no v\u00e9nen predefinides, encara que l&#8217;article <strong>37.5 del RGPD especifica<\/strong> que \u201c<em>El delegat de protecci\u00f3 de dades ser\u00e0 designat atenent les seves qualitats professionals i, en particular, els <strong>seus coneixements especialitzats del Dret i la pr\u00e0ctica en mat\u00e8ria de protecci\u00f3 de dades i la seva capacitat per exercir les funcions indicades<\/strong> a l&#8217;article 39<\/em>.\u201d<br \/>\nAix\u00ed doncs, haur\u00e0 de ser designat atenent els seus <strong>coneixements especialitzats del Dret i la pr\u00e0ctica en mat\u00e8ria de protecci\u00f3 de dades i la seva capacitat per exercir les funcions establertes per la normativa per als DPD.<\/strong><\/p>\n<p style=\"text-align: justify;\"><strong>&#8211; Capacitat per exercir les seves funcions:<\/strong> No \u00fanicament s&#8217;han de valorar els <strong>coneixements<\/strong> i les <strong>qualitats professionals<\/strong>, sin\u00f3 tamb\u00e9 les <strong>qualitats personals<\/strong>, at\u00e8s que \u00e9s el <strong>principal garant de la normativa en mat\u00e8ria de protecci\u00f3 de dades<\/strong> dins del marc de l&#8217;entitat. I, perqu\u00e8 pugui complir amb les seves funcions, <strong>cal que se&#8217;l doti amb els recursos necessaris atenent el volum i les necessitats que ha de cobrir dins de l&#8217;entitat.<\/strong><\/p>\n<p style=\"text-align: justify;\">En segon lloc, <strong>quina validesa o \u201cpaper\u201d t\u00e9 el nomenament com a DPD d&#8217;una persona vinculada a l&#8217;organitzaci\u00f3?<\/strong><\/p>\n<p style=\"text-align: justify;\">La normativa en mat\u00e8ria de protecci\u00f3 de dades exigeix \u200b\u200bque el Delegat de Protecci\u00f3 de Dades sigui independent i que <strong>el desenvolupament de les seves funcions no doni lloc a conflictes d&#8217;interessos.<\/strong> Aix\u00ed mateix, l\u2019article 36 de LOPDGDD precisa que, <strong>en cas que el DPO formi part de l&#8217;organitzaci\u00f3 del responsable, aquest no pugui ser sancionat com a conseq\u00fc\u00e8ncia de les seves actuacions.<\/strong><\/p>\n<p style=\"text-align: justify;\">Conv\u00e9 destacar que els <strong>DPD no s\u00f3n personalment responsables<\/strong> en cas <strong>d&#8217;incompliment de la normativa<\/strong>, i sempre ha <strong>de respondre el responsable o l&#8217;encarregat del tractament.<\/strong><\/p>\n<h2 style=\"text-align: justify;\"><strong><span style=\"font-size: 16px;\">En conclusi\u00f3,<\/span><\/strong><\/h2>\n<p style=\"text-align: justify;\">La figura del <strong>Delegat de Protecci\u00f3 de Dades<\/strong> ser\u00e0 cada vegada m\u00e9s <strong>important<\/strong> i <strong>necess\u00e0ria<\/strong> a totes les empreses.<\/p>\n<p style=\"text-align: justify;\">A <strong>PymeLegal<\/strong> estem <strong>certificats com a DPD i complim amb totes les caracter\u00edstiques de qualificaci\u00f3 i capacitat professional exigides per la normativa<\/strong> i esmentades en aquest article, per la prestaci\u00f3 del servei de forma externalitzada, <strong>t&#8217;ajudem?<\/strong><\/p>\n<p style=\"text-align: justify;\">Si tens m\u00e9s <strong>dubtes o necessites m\u00e9s informaci\u00f3<\/strong>, <a href=\"https:\/\/www.pymelegal.es\/contactar-lopd\" target=\"_blank\" rel=\"noopener\"><strong>estem a la teva disposici\u00f3.<\/strong><\/a><\/p>\n<p style=\"text-align: justify;\">L&#8217;equip de PymeLegal.<\/p>\n","protected":false},"excerpt":{"rendered":"<p>Sabies que per nomenar un Delegat de protecci\u00f3 de dades (DPO o DPD) has de complir una s\u00e8rie de requisits? I si ja ho tens registrat, saps si \u00e9s correcta aquesta designaci\u00f3? Continua llegint, doncs aix\u00f2 t&#8217;interessa ja que resoldrem alguns dels dubtes que ens han plantejat els nostres clients. \u00c9s innegable que el Delegat &#8230; <a title=\"Delegat de Protecci\u00f3 de Dades: criteris per a la seva correcta designaci\u00f3\" class=\"read-more\" href=\"https:\/\/www.pymelegal.es\/ca\/noticias\/rgpd-ca\/delegat-de-proteccio-de-dades-criteris-per-a-la-seva-correcta-designacio\" aria-label=\"M\u00e9s informaci\u00f3 sobre Delegat de Protecci\u00f3 de Dades: criteris per a la seva correcta designaci\u00f3\">Read more<\/a><\/p>\n","protected":false},"author":3,"featured_media":10893,"comment_status":"closed","ping_status":"closed","sticky":false,"template":"","format":"standard","meta":{"content-type":"","footnotes":""},"categories":[115],"tags":[136,137,180,185],"class_list":["post-10888","post","type-post","status-publish","format-standard","has-post-thumbnail","hentry","category-rgpd-ca","tag-delegat-proteccio-de-dades","tag-dpd-ca","tag-proteccio-de-dades","tag-rgpd-ca"],"yoast_head":"<!-- This site is optimized with the Yoast SEO plugin v27.4 - https:\/\/yoast.com\/product\/yoast-seo-wordpress\/ -->\n<title>Delegat de Protecci\u00f3 de Dades: criteris per a la seva correcta designaci\u00f3 - PymeLegal<\/title>\n<meta name=\"description\" content=\"Sabies que per nomenar un Delegat de protecci\u00f3 de dades (DPO o DPD) has de complir una s\u00e8rie de requisits? Continua llegint...\" \/>\n<meta name=\"robots\" content=\"index, follow, max-snippet:-1, max-image-preview:large, max-video-preview:-1\" \/>\n<link rel=\"canonical\" href=\"https:\/\/www.pymelegal.es\/noticias\/rgpd\/delegado-de-proteccion-de-datos-criterios-para-su-correcta-designacion\" \/>\n<meta property=\"og:locale\" content=\"ca_ES\" \/>\n<meta property=\"og:type\" content=\"article\" \/>\n<meta property=\"og:title\" content=\"Delegat de Protecci\u00f3 de Dades: criteris per a la seva correcta designaci\u00f3 - PymeLegal\" \/>\n<meta property=\"og:description\" content=\"Sabies que per nomenar un Delegat de protecci\u00f3 de dades (DPO o DPD) has de complir una s\u00e8rie de requisits? Continua llegint...\" \/>\n<meta property=\"og:url\" content=\"https:\/\/www.pymelegal.es\/noticias\/rgpd\/delegado-de-proteccion-de-datos-criterios-para-su-correcta-designacion\" \/>\n<meta property=\"og:site_name\" content=\"PymeLegal\" \/>\n<meta property=\"article:published_time\" content=\"2022-06-01T08:18:44+00:00\" \/>\n<meta property=\"article:modified_time\" content=\"2022-06-01T08:57:06+00:00\" \/>\n<meta property=\"og:image\" content=\"https:\/\/www.pymelegal.es\/wp-content\/uploads\/2022\/06\/Delegada-Proteccion-de-Datos-PymeLegal.png\" \/>\n\t<meta property=\"og:image:width\" content=\"800\" \/>\n\t<meta property=\"og:image:height\" content=\"400\" \/>\n\t<meta property=\"og:image:type\" content=\"image\/png\" \/>\n<meta name=\"author\" content=\"PymeLegal\" \/>\n<meta name=\"twitter:card\" content=\"summary_large_image\" \/>\n<meta name=\"twitter:label1\" content=\"Escrit per\" \/>\n\t<meta name=\"twitter:data1\" content=\"PymeLegal\" \/>\n\t<meta name=\"twitter:label2\" content=\"Temps estimat de lectura\" \/>\n\t<meta name=\"twitter:data2\" content=\"3 minuts\" \/>\n<script type=\"application\/ld+json\" class=\"yoast-schema-graph\">{\"@context\":\"https:\\\/\\\/schema.org\",\"@graph\":[{\"@type\":\"Article\",\"@id\":\"https:\\\/\\\/www.pymelegal.es\\\/noticias\\\/rgpd\\\/delegado-de-proteccion-de-datos-criterios-para-su-correcta-designacion#article\",\"isPartOf\":{\"@id\":\"https:\\\/\\\/www.pymelegal.es\\\/noticias\\\/rgpd\\\/delegado-de-proteccion-de-datos-criterios-para-su-correcta-designacion\"},\"author\":{\"name\":\"PymeLegal\",\"@id\":\"https:\\\/\\\/www.pymelegal.es\\\/#\\\/schema\\\/person\\\/364442751b92f8a04fc5adde3be95c8f\"},\"headline\":\"Delegat de Protecci\u00f3 de Dades: criteris per a la seva correcta designaci\u00f3\",\"datePublished\":\"2022-06-01T08:18:44+00:00\",\"dateModified\":\"2022-06-01T08:57:06+00:00\",\"mainEntityOfPage\":{\"@id\":\"https:\\\/\\\/www.pymelegal.es\\\/noticias\\\/rgpd\\\/delegado-de-proteccion-de-datos-criterios-para-su-correcta-designacion\"},\"wordCount\":709,\"publisher\":{\"@id\":\"https:\\\/\\\/www.pymelegal.es\\\/#organization\"},\"image\":{\"@id\":\"https:\\\/\\\/www.pymelegal.es\\\/noticias\\\/rgpd\\\/delegado-de-proteccion-de-datos-criterios-para-su-correcta-designacion#primaryimage\"},\"thumbnailUrl\":\"https:\\\/\\\/www.pymelegal.es\\\/wp-content\\\/uploads\\\/2022\\\/06\\\/Delegada-Proteccion-de-Datos-PymeLegal.png\",\"keywords\":[\"delegat protecci\u00f3 de dades\",\"dpd\",\"proteccio de dades\",\"RGPD\"],\"articleSection\":[\"RGPD\"],\"inLanguage\":\"ca\"},{\"@type\":\"WebPage\",\"@id\":\"https:\\\/\\\/www.pymelegal.es\\\/noticias\\\/rgpd\\\/delegado-de-proteccion-de-datos-criterios-para-su-correcta-designacion\",\"url\":\"https:\\\/\\\/www.pymelegal.es\\\/noticias\\\/rgpd\\\/delegado-de-proteccion-de-datos-criterios-para-su-correcta-designacion\",\"name\":\"Delegat de Protecci\u00f3 de Dades: criteris per a la seva correcta designaci\u00f3 - PymeLegal\",\"isPartOf\":{\"@id\":\"https:\\\/\\\/www.pymelegal.es\\\/#website\"},\"primaryImageOfPage\":{\"@id\":\"https:\\\/\\\/www.pymelegal.es\\\/noticias\\\/rgpd\\\/delegado-de-proteccion-de-datos-criterios-para-su-correcta-designacion#primaryimage\"},\"image\":{\"@id\":\"https:\\\/\\\/www.pymelegal.es\\\/noticias\\\/rgpd\\\/delegado-de-proteccion-de-datos-criterios-para-su-correcta-designacion#primaryimage\"},\"thumbnailUrl\":\"https:\\\/\\\/www.pymelegal.es\\\/wp-content\\\/uploads\\\/2022\\\/06\\\/Delegada-Proteccion-de-Datos-PymeLegal.png\",\"datePublished\":\"2022-06-01T08:18:44+00:00\",\"dateModified\":\"2022-06-01T08:57:06+00:00\",\"description\":\"Sabies que per nomenar un Delegat de protecci\u00f3 de dades (DPO o DPD) has de complir una s\u00e8rie de requisits? Continua llegint...\",\"breadcrumb\":{\"@id\":\"https:\\\/\\\/www.pymelegal.es\\\/noticias\\\/rgpd\\\/delegado-de-proteccion-de-datos-criterios-para-su-correcta-designacion#breadcrumb\"},\"inLanguage\":\"ca\",\"potentialAction\":[{\"@type\":\"ReadAction\",\"target\":[\"https:\\\/\\\/www.pymelegal.es\\\/noticias\\\/rgpd\\\/delegado-de-proteccion-de-datos-criterios-para-su-correcta-designacion\"]}]},{\"@type\":\"ImageObject\",\"inLanguage\":\"ca\",\"@id\":\"https:\\\/\\\/www.pymelegal.es\\\/noticias\\\/rgpd\\\/delegado-de-proteccion-de-datos-criterios-para-su-correcta-designacion#primaryimage\",\"url\":\"https:\\\/\\\/www.pymelegal.es\\\/wp-content\\\/uploads\\\/2022\\\/06\\\/Delegada-Proteccion-de-Datos-PymeLegal.png\",\"contentUrl\":\"https:\\\/\\\/www.pymelegal.es\\\/wp-content\\\/uploads\\\/2022\\\/06\\\/Delegada-Proteccion-de-Datos-PymeLegal.png\",\"width\":800,\"height\":400,\"caption\":\"Delegada-Protecci\u00f3n-de-Datos-PymeLegal\"},{\"@type\":\"BreadcrumbList\",\"@id\":\"https:\\\/\\\/www.pymelegal.es\\\/noticias\\\/rgpd\\\/delegado-de-proteccion-de-datos-criterios-para-su-correcta-designacion#breadcrumb\",\"itemListElement\":[{\"@type\":\"ListItem\",\"position\":1,\"name\":\"Portada\",\"item\":\"https:\\\/\\\/www.pymelegal.es\\\/\"},{\"@type\":\"ListItem\",\"position\":2,\"name\":\"Delegat de Protecci\u00f3 de Dades: criteris per a la seva correcta designaci\u00f3\"}]},{\"@type\":\"WebSite\",\"@id\":\"https:\\\/\\\/www.pymelegal.es\\\/#website\",\"url\":\"https:\\\/\\\/www.pymelegal.es\\\/\",\"name\":\"PymeLegal\",\"description\":\"Adaptaci\u00f3n LOPDGDD-RGPD-LSSICE\",\"publisher\":{\"@id\":\"https:\\\/\\\/www.pymelegal.es\\\/#organization\"},\"potentialAction\":[{\"@type\":\"SearchAction\",\"target\":{\"@type\":\"EntryPoint\",\"urlTemplate\":\"https:\\\/\\\/www.pymelegal.es\\\/?s={search_term_string}\"},\"query-input\":{\"@type\":\"PropertyValueSpecification\",\"valueRequired\":true,\"valueName\":\"search_term_string\"}}],\"inLanguage\":\"ca\"},{\"@type\":\"Organization\",\"@id\":\"https:\\\/\\\/www.pymelegal.es\\\/#organization\",\"name\":\"PymeLegal\",\"url\":\"https:\\\/\\\/www.pymelegal.es\\\/\",\"logo\":{\"@type\":\"ImageObject\",\"inLanguage\":\"ca\",\"@id\":\"https:\\\/\\\/www.pymelegal.es\\\/#\\\/schema\\\/logo\\\/image\\\/\",\"url\":\"https:\\\/\\\/www.pymelegal.es\\\/wp-content\\\/uploads\\\/2023\\\/03\\\/cropped-logo-pymelegal-10-anys-e1678286058678.png\",\"contentUrl\":\"https:\\\/\\\/www.pymelegal.es\\\/wp-content\\\/uploads\\\/2023\\\/03\\\/cropped-logo-pymelegal-10-anys-e1678286058678.png\",\"width\":2364,\"height\":694,\"caption\":\"PymeLegal\"},\"image\":{\"@id\":\"https:\\\/\\\/www.pymelegal.es\\\/#\\\/schema\\\/logo\\\/image\\\/\"}},{\"@type\":\"Person\",\"@id\":\"https:\\\/\\\/www.pymelegal.es\\\/#\\\/schema\\\/person\\\/364442751b92f8a04fc5adde3be95c8f\",\"name\":\"PymeLegal\",\"image\":{\"@type\":\"ImageObject\",\"inLanguage\":\"ca\",\"@id\":\"https:\\\/\\\/secure.gravatar.com\\\/avatar\\\/8114df484a5cd2738a02a5e9462b0881d50584495a20b6ddaeaa1841b1187017?s=96&d=mm&r=g\",\"url\":\"https:\\\/\\\/secure.gravatar.com\\\/avatar\\\/8114df484a5cd2738a02a5e9462b0881d50584495a20b6ddaeaa1841b1187017?s=96&d=mm&r=g\",\"contentUrl\":\"https:\\\/\\\/secure.gravatar.com\\\/avatar\\\/8114df484a5cd2738a02a5e9462b0881d50584495a20b6ddaeaa1841b1187017?s=96&d=mm&r=g\",\"caption\":\"PymeLegal\"}}]}<\/script>\n<!-- \/ Yoast SEO plugin. -->","yoast_head_json":{"title":"Delegat de Protecci\u00f3 de Dades: criteris per a la seva correcta designaci\u00f3 - PymeLegal","description":"Sabies que per nomenar un Delegat de protecci\u00f3 de dades (DPO o DPD) has de complir una s\u00e8rie de requisits? Continua llegint...","robots":{"index":"index","follow":"follow","max-snippet":"max-snippet:-1","max-image-preview":"max-image-preview:large","max-video-preview":"max-video-preview:-1"},"canonical":"https:\/\/www.pymelegal.es\/noticias\/rgpd\/delegado-de-proteccion-de-datos-criterios-para-su-correcta-designacion","og_locale":"ca_ES","og_type":"article","og_title":"Delegat de Protecci\u00f3 de Dades: criteris per a la seva correcta designaci\u00f3 - PymeLegal","og_description":"Sabies que per nomenar un Delegat de protecci\u00f3 de dades (DPO o DPD) has de complir una s\u00e8rie de requisits? Continua llegint...","og_url":"https:\/\/www.pymelegal.es\/noticias\/rgpd\/delegado-de-proteccion-de-datos-criterios-para-su-correcta-designacion","og_site_name":"PymeLegal","article_published_time":"2022-06-01T08:18:44+00:00","article_modified_time":"2022-06-01T08:57:06+00:00","og_image":[{"width":800,"height":400,"url":"https:\/\/www.pymelegal.es\/wp-content\/uploads\/2022\/06\/Delegada-Proteccion-de-Datos-PymeLegal.png","type":"image\/png"}],"author":"PymeLegal","twitter_card":"summary_large_image","twitter_misc":{"Escrit per":"PymeLegal","Temps estimat de lectura":"3 minuts"},"schema":{"@context":"https:\/\/schema.org","@graph":[{"@type":"Article","@id":"https:\/\/www.pymelegal.es\/noticias\/rgpd\/delegado-de-proteccion-de-datos-criterios-para-su-correcta-designacion#article","isPartOf":{"@id":"https:\/\/www.pymelegal.es\/noticias\/rgpd\/delegado-de-proteccion-de-datos-criterios-para-su-correcta-designacion"},"author":{"name":"PymeLegal","@id":"https:\/\/www.pymelegal.es\/#\/schema\/person\/364442751b92f8a04fc5adde3be95c8f"},"headline":"Delegat de Protecci\u00f3 de Dades: criteris per a la seva correcta designaci\u00f3","datePublished":"2022-06-01T08:18:44+00:00","dateModified":"2022-06-01T08:57:06+00:00","mainEntityOfPage":{"@id":"https:\/\/www.pymelegal.es\/noticias\/rgpd\/delegado-de-proteccion-de-datos-criterios-para-su-correcta-designacion"},"wordCount":709,"publisher":{"@id":"https:\/\/www.pymelegal.es\/#organization"},"image":{"@id":"https:\/\/www.pymelegal.es\/noticias\/rgpd\/delegado-de-proteccion-de-datos-criterios-para-su-correcta-designacion#primaryimage"},"thumbnailUrl":"https:\/\/www.pymelegal.es\/wp-content\/uploads\/2022\/06\/Delegada-Proteccion-de-Datos-PymeLegal.png","keywords":["delegat protecci\u00f3 de dades","dpd","proteccio de dades","RGPD"],"articleSection":["RGPD"],"inLanguage":"ca"},{"@type":"WebPage","@id":"https:\/\/www.pymelegal.es\/noticias\/rgpd\/delegado-de-proteccion-de-datos-criterios-para-su-correcta-designacion","url":"https:\/\/www.pymelegal.es\/noticias\/rgpd\/delegado-de-proteccion-de-datos-criterios-para-su-correcta-designacion","name":"Delegat de Protecci\u00f3 de Dades: criteris per a la seva correcta designaci\u00f3 - PymeLegal","isPartOf":{"@id":"https:\/\/www.pymelegal.es\/#website"},"primaryImageOfPage":{"@id":"https:\/\/www.pymelegal.es\/noticias\/rgpd\/delegado-de-proteccion-de-datos-criterios-para-su-correcta-designacion#primaryimage"},"image":{"@id":"https:\/\/www.pymelegal.es\/noticias\/rgpd\/delegado-de-proteccion-de-datos-criterios-para-su-correcta-designacion#primaryimage"},"thumbnailUrl":"https:\/\/www.pymelegal.es\/wp-content\/uploads\/2022\/06\/Delegada-Proteccion-de-Datos-PymeLegal.png","datePublished":"2022-06-01T08:18:44+00:00","dateModified":"2022-06-01T08:57:06+00:00","description":"Sabies que per nomenar un Delegat de protecci\u00f3 de dades (DPO o DPD) has de complir una s\u00e8rie de requisits? Continua llegint...","breadcrumb":{"@id":"https:\/\/www.pymelegal.es\/noticias\/rgpd\/delegado-de-proteccion-de-datos-criterios-para-su-correcta-designacion#breadcrumb"},"inLanguage":"ca","potentialAction":[{"@type":"ReadAction","target":["https:\/\/www.pymelegal.es\/noticias\/rgpd\/delegado-de-proteccion-de-datos-criterios-para-su-correcta-designacion"]}]},{"@type":"ImageObject","inLanguage":"ca","@id":"https:\/\/www.pymelegal.es\/noticias\/rgpd\/delegado-de-proteccion-de-datos-criterios-para-su-correcta-designacion#primaryimage","url":"https:\/\/www.pymelegal.es\/wp-content\/uploads\/2022\/06\/Delegada-Proteccion-de-Datos-PymeLegal.png","contentUrl":"https:\/\/www.pymelegal.es\/wp-content\/uploads\/2022\/06\/Delegada-Proteccion-de-Datos-PymeLegal.png","width":800,"height":400,"caption":"Delegada-Protecci\u00f3n-de-Datos-PymeLegal"},{"@type":"BreadcrumbList","@id":"https:\/\/www.pymelegal.es\/noticias\/rgpd\/delegado-de-proteccion-de-datos-criterios-para-su-correcta-designacion#breadcrumb","itemListElement":[{"@type":"ListItem","position":1,"name":"Portada","item":"https:\/\/www.pymelegal.es\/"},{"@type":"ListItem","position":2,"name":"Delegat de Protecci\u00f3 de Dades: criteris per a la seva correcta designaci\u00f3"}]},{"@type":"WebSite","@id":"https:\/\/www.pymelegal.es\/#website","url":"https:\/\/www.pymelegal.es\/","name":"PymeLegal","description":"Adaptaci\u00f3n LOPDGDD-RGPD-LSSICE","publisher":{"@id":"https:\/\/www.pymelegal.es\/#organization"},"potentialAction":[{"@type":"SearchAction","target":{"@type":"EntryPoint","urlTemplate":"https:\/\/www.pymelegal.es\/?s={search_term_string}"},"query-input":{"@type":"PropertyValueSpecification","valueRequired":true,"valueName":"search_term_string"}}],"inLanguage":"ca"},{"@type":"Organization","@id":"https:\/\/www.pymelegal.es\/#organization","name":"PymeLegal","url":"https:\/\/www.pymelegal.es\/","logo":{"@type":"ImageObject","inLanguage":"ca","@id":"https:\/\/www.pymelegal.es\/#\/schema\/logo\/image\/","url":"https:\/\/www.pymelegal.es\/wp-content\/uploads\/2023\/03\/cropped-logo-pymelegal-10-anys-e1678286058678.png","contentUrl":"https:\/\/www.pymelegal.es\/wp-content\/uploads\/2023\/03\/cropped-logo-pymelegal-10-anys-e1678286058678.png","width":2364,"height":694,"caption":"PymeLegal"},"image":{"@id":"https:\/\/www.pymelegal.es\/#\/schema\/logo\/image\/"}},{"@type":"Person","@id":"https:\/\/www.pymelegal.es\/#\/schema\/person\/364442751b92f8a04fc5adde3be95c8f","name":"PymeLegal","image":{"@type":"ImageObject","inLanguage":"ca","@id":"https:\/\/secure.gravatar.com\/avatar\/8114df484a5cd2738a02a5e9462b0881d50584495a20b6ddaeaa1841b1187017?s=96&d=mm&r=g","url":"https:\/\/secure.gravatar.com\/avatar\/8114df484a5cd2738a02a5e9462b0881d50584495a20b6ddaeaa1841b1187017?s=96&d=mm&r=g","contentUrl":"https:\/\/secure.gravatar.com\/avatar\/8114df484a5cd2738a02a5e9462b0881d50584495a20b6ddaeaa1841b1187017?s=96&d=mm&r=g","caption":"PymeLegal"}}]}},"_links":{"self":[{"href":"https:\/\/www.pymelegal.es\/ca\/wp-json\/wp\/v2\/posts\/10888","targetHints":{"allow":["GET"]}}],"collection":[{"href":"https:\/\/www.pymelegal.es\/ca\/wp-json\/wp\/v2\/posts"}],"about":[{"href":"https:\/\/www.pymelegal.es\/ca\/wp-json\/wp\/v2\/types\/post"}],"author":[{"embeddable":true,"href":"https:\/\/www.pymelegal.es\/ca\/wp-json\/wp\/v2\/users\/3"}],"replies":[{"embeddable":true,"href":"https:\/\/www.pymelegal.es\/ca\/wp-json\/wp\/v2\/comments?post=10888"}],"version-history":[{"count":5,"href":"https:\/\/www.pymelegal.es\/ca\/wp-json\/wp\/v2\/posts\/10888\/revisions"}],"predecessor-version":[{"id":10895,"href":"https:\/\/www.pymelegal.es\/ca\/wp-json\/wp\/v2\/posts\/10888\/revisions\/10895"}],"wp:featuredmedia":[{"embeddable":true,"href":"https:\/\/www.pymelegal.es\/ca\/wp-json\/wp\/v2\/media\/10893"}],"wp:attachment":[{"href":"https:\/\/www.pymelegal.es\/ca\/wp-json\/wp\/v2\/media?parent=10888"}],"wp:term":[{"taxonomy":"category","embeddable":true,"href":"https:\/\/www.pymelegal.es\/ca\/wp-json\/wp\/v2\/categories?post=10888"},{"taxonomy":"post_tag","embeddable":true,"href":"https:\/\/www.pymelegal.es\/ca\/wp-json\/wp\/v2\/tags?post=10888"}],"curies":[{"name":"wp","href":"https:\/\/api.w.org\/{rel}","templated":true}]}}