{"id":10466,"date":"2022-04-20T17:40:16","date_gmt":"2022-04-20T16:40:16","guid":{"rendered":"https:\/\/www.pymelegal.es\/?p=10466"},"modified":"2022-04-21T15:01:48","modified_gmt":"2022-04-21T14:01:48","slug":"data-signar-contractes-encarregats-tractament-proteccio-de-dades","status":"publish","type":"post","link":"https:\/\/www.pymelegal.es\/ca\/noticias\/rgpd-ca\/data-signar-contractes-encarregats-tractament-proteccio-de-dades","title":{"rendered":"Data l\u00edmit per signar els contractes amb els encarregats de tractament"},"content":{"rendered":"<blockquote>\n<p style=\"text-align: justify;\">Com us avancem quan va entrar en vigor la nova normativa de protecci\u00f3 de dades, un dels aspectes que s&#8217;havia de tenir en compte era la <strong>signatura dels contractes<\/strong> <a href=\"https:\/\/www.pymelegal.es\/ca\/noticias\/rgpd-ca\/transicio-a-la-proteccio-de-dades-de-la-lopd-al-rgpd\" target=\"_blank\" rel=\"noopener\"><strong>d&#8217;Encarregat de Tractament.<\/strong><\/a> La norma va indicar que els <strong>contractes subscrits abans del 25 de maig de 2018<\/strong> seguint amb l&#8217;indicat en l&#8217;article 12 de la LOPD<strong>, serien vigents fins a la data assenyalada en els mateixos o, en cas de ser indefinits, fins al 25 de maig de 2022.<\/strong><\/p>\n<\/blockquote>\n<h2><span style=\"color: #000080;\"><strong><span style=\"font-size: 16px;\">\u00cdndex<\/span><\/strong><\/span><br \/>\n<a href=\"#tractament\"><span style=\"font-size: 16px;\">1. Qui \u00e9s Encarregat de Tractament?<\/span><\/a><br \/>\n<a href=\"#contingut\"><span style=\"font-size: 16px;\">2. Quin contingut t\u00e9 el contracte d&#8217;Encarregat de Tractament?<\/span><\/a><br \/>\n<a href=\"#UE\"><span style=\"font-size: 16px;\">3. Encarregat de Tractament fora de la UE<\/span><\/a><br \/>\n<a href=\"#conclusio\"><span style=\"font-size: 16px;\">4. Conclusi\u00f3<\/span><\/a><\/h2>\n<p style=\"text-align: justify;\">Aquesta data est\u00e0 cada vegada m\u00e9s a prop i per a poder ajudar-vos a complir amb la normativa, en les seg\u00fcents l\u00ednies veurem qui \u00e9s encarregat de tractament i, per tant, signar el contracte d&#8217;Encarregat del tractament, que aspectes ha de regular aquest contracte i que passa amb l&#8217;encarregat del tractament quan est\u00e0 ubicat fora de la UE.<\/p>\n<h2 style=\"text-align: justify;\"><strong><a id=\"tractament\"><\/a>1. Qui \u00e9s Encarregat de Tractament?<\/strong><\/h2>\n<p style=\"text-align: justify;\"><strong>L&#8217;Encarregat de Tractament<\/strong> \u00e9s la persona f\u00edsica o jur\u00eddica, autoritat p\u00fablica, servei o un altre organisme, <strong>triat pel Responsable del Tractament per a tractar les dades amb uns fins determinats.<\/strong> Per a la seva elecci\u00f3 es comprovar\u00e0 que ofereix suficients garanties de compliment de la normativa actual.<\/p>\n<p><a href=\"https:\/\/www.pymelegal.es\/ca\/noticias\/rgpd-ca\/el-meu-proveidor-es-responsable-o-encarregat-de-tractament\" target=\"_blank\" rel=\"noopener\"><img fetchpriority=\"high\" decoding=\"async\" class=\" wp-image-10455 aligncenter\" src=\"https:\/\/www.pymelegal.es\/wp-content\/uploads\/2022\/04\/encargado-tratamiento-300x300.png\" alt=\"encargado de tratamiento\" width=\"253\" height=\"255\" \/><\/a><\/p>\n<p style=\"text-align: justify;\">Per a ajudar a diferenciar la figura del Responsable i de l&#8217;Encarregat, s&#8217;ha de tenir en compte que el primer \u00e9s qui decideix sobre la finalitat i medis del tractament de la informaci\u00f3 i el segon segueix les seves instruccions per a realitzar el tractament.<\/p>\n<p style=\"text-align: justify;\">Com <strong>exemples d&#8217;Encarregats de Tractament<\/strong> tenim les <strong>empreses<\/strong> que presten el servei de <strong>videovigil\u00e0ncia<\/strong>, les <strong>gestories fiscals<\/strong>, <strong>laborals i comptables<\/strong>, <strong>les mpreses de manteniment inform\u00e0tic de programari, <\/strong>etc.<\/p>\n<p style=\"text-align: justify;\">Hem d&#8217;esmentar, determinats casos en qu\u00e8, a priori, semblen encarregats del tractament, per\u00f2 la pr\u00f2pia AEPD s&#8217;ha pronunciat al resptecte indican que no son ET: son els casos dels <strong>auditors comptables i les empreses de transport i missatgeria no s\u00f3n Encarregats de Tractament, s\u00f3n responsables.<\/strong> En el cas dels auditors comptables es fonamenta en qu\u00e8 aquests actuen com una figura aut\u00f2noma i no reben instruccions de qui els contracta. En el cas de les empreses de missatgeria es fonamenta en qu\u00e8 les dades que es faciliten a l&#8217;empresa s&#8217;incorporen a la seva base de dades per a realitzar el lliurament al destinatari.<\/p>\n<h2 style=\"text-align: justify;\"><strong><a id=\"contingut\"><\/a>2. Quin contingut t\u00e9 el contracte d&#8217;Encarregat de Tractament?<\/strong><\/h2>\n<p style=\"text-align: justify;\">La <strong>relaci\u00f3<\/strong> entre Responsable i Encarregat s&#8217;establir\u00e0 per un <strong>contracte o acte jur\u00eddic v\u00e0lid<\/strong> en dret, aquest haur\u00e0 d&#8217;establir <strong>l&#8217;objecte<\/strong>, la <strong>durada<\/strong>, la <strong>naturalesa<\/strong> i la <strong>finalitat del tractament<\/strong>, el <strong>tipus de dades personals tractats<\/strong> i les <strong>categories d&#8217;interessats<\/strong> i les <strong>obligacions<\/strong> i <strong>drets del responsable.<\/strong><\/p>\n<p style=\"text-align: justify;\"><strong>L&#8217;Encarregat no podr\u00e0 subcontractar<\/strong> el servei a un tercer <strong>sense l&#8217;autoritzaci\u00f3 pr\u00e8via del responsable<\/strong>, que haur\u00e0 de ser avisat per si es vol oposar. En cas de conducta amb la subcontractaci\u00f3, aquesta empresa haur\u00e0 de tenir un contracte o acte jur\u00eddic vinculant amb les <strong>mateixes obligacions que les estipulades entre el Responsable i l&#8217;Encarregat.<\/strong> En cas <strong>d&#8217;incompliment<\/strong> per part del <strong>subcontractat<\/strong>, <strong>l&#8217;Encarregat ser\u00e0 qui respondr\u00e0.<\/strong><\/p>\n<h2 style=\"text-align: justify;\"><strong><a id=\"UE\"><\/a>3. Encarregat de Tractament fora de la UE<\/strong><\/h2>\n<p style=\"text-align: justify;\">En el cas de trobar-nos amb una comunicaci\u00f3 de dades personals an\u00e9s de la UE <strong>s&#8217;ha de continuar garantint el nivell de protecci\u00f3 que estableix el Reglament. <\/strong>Per a fer-lo ens podem trobar amb les seg\u00fcents situacions:<\/p>\n<ul style=\"list-style-type: circle;\">\n<li style=\"text-align: justify;\"><strong>\u00a0Transfer\u00e8ncia basada en una decisi\u00f3 d&#8217;adequaci\u00f3 de la comissi\u00f3.<\/strong><\/li>\n<li><strong>Normes corporatives vinculants.<\/strong><\/li>\n<li style=\"text-align: justify;\"><strong>Aportaci\u00f3 de les garanties adequades.<\/strong><\/li>\n<li style=\"text-align: justify;\"><strong>Excepcions per a situacions espec\u00edfiques.<\/strong><\/li>\n<li style=\"text-align: justify;\"><strong>Autoritzaci\u00f3 expressa de l&#8217;AEPD.<\/strong><\/li>\n<\/ul>\n<p style=\"text-align: justify;\">En aquest punt hem d&#8217;esmentar el cas dels <strong>EUA<\/strong>, amb qui <strong>fins a juliol de 2020<\/strong> es realitzaven les <strong>transfer\u00e8ncies internacionals<\/strong> de dades sobre la base del \u201c<strong><a href=\"https:\/\/www.pymelegal.es\/noticias\/rgpd\/ya-no-se-pueden-transferir-datos-personales-a-estados-unidos-consecuencias-de-la-invalidacion-del-privacy-shield\" target=\"_blank\" rel=\"noopener\">Privacy Shield<\/a><\/strong>\u201d fins que aquest va ser <strong>invalidat<\/strong>. Des d&#8217;aquest moment no hi havia hagut cap altre conveni que legitimi aquesta transfer\u00e8ncia , fins ara, que la UE y los EUA <strong>han arribat a un pacte per realitzar una regulaci\u00f3 que permeti complir amb els est\u00e0ndards de privacitat recollits en la normativa europea de protecci\u00f3 de dades.<\/strong><\/p>\n<p><a href=\"https:\/\/www.pymelegal.es\/ca\/noticias\/rgpd-ca\/ja-no-es-poden-transferir-dades-personals-a-estats-units-consequencies-de-la-invalidacio-del-privacy-shield\" target=\"_blank\" rel=\"noopener\"><img decoding=\"async\" class=\" wp-image-10462 aligncenter\" src=\"https:\/\/www.pymelegal.es\/wp-content\/uploads\/2022\/04\/Privacy-shield-1-300x300.png\" alt=\"Privacy shield\" width=\"268\" height=\"260\" \/><\/a><\/p>\n<h2 style=\"text-align: justify;\"><strong><a id=\"conclusio\"><\/a>En conclusi\u00f3,<\/strong><\/h2>\n<p style=\"text-align: justify;\">El termini per a signar els contractes amb els Encarregats de Tractament arriba a la seva fi, per la qual cosa <strong>heu de comprovar si teniu o no els contractes signats, amb base en el RGPD, haureu de corroborar amb tots els vostres encarregats la signatura d&#8217;aquest tipus de contractes.\u00a0<\/strong><\/p>\n<p style=\"text-align: justify;\">Estem a la vostra disposici\u00f3 per a qualsevol dubte sobre aquest tema.<\/p>\n<p style=\"text-align: justify;\">L&#8217;equip de PymeLegal.<\/p>\n","protected":false},"excerpt":{"rendered":"<p>Com us avancem quan va entrar en vigor la nova normativa de protecci\u00f3 de dades, un dels aspectes que s&#8217;havia de tenir en compte era la signatura dels contractes d&#8217;Encarregat de Tractament. La norma va indicar que els contractes subscrits abans del 25 de maig de 2018 seguint amb l&#8217;indicat en l&#8217;article 12 de la &#8230; <a title=\"Data l\u00edmit per signar els contractes amb els encarregats de tractament\" class=\"read-more\" href=\"https:\/\/www.pymelegal.es\/ca\/noticias\/rgpd-ca\/data-signar-contractes-encarregats-tractament-proteccio-de-dades\" aria-label=\"M\u00e9s informaci\u00f3 sobre Data l\u00edmit per signar els contractes amb els encarregats de tractament\">Read more<\/a><\/p>\n","protected":false},"author":3,"featured_media":10447,"comment_status":"closed","ping_status":"closed","sticky":false,"template":"","format":"standard","meta":{"content-type":"","footnotes":""},"categories":[115],"tags":[229,230,180,185],"class_list":["post-10466","post","type-post","status-publish","format-standard","has-post-thumbnail","hentry","category-rgpd-ca","tag-encarregat-de-tractament","tag-privacy-shield-ca","tag-proteccio-de-dades","tag-rgpd-ca"],"yoast_head":"<!-- This site is optimized with the Yoast SEO plugin v27.5 - https:\/\/yoast.com\/product\/yoast-seo-wordpress\/ -->\n<title>Data l\u00edmit per signar els contractes amb els encarregats de tractament - PymeLegal<\/title>\n<meta name=\"robots\" content=\"index, follow, max-snippet:-1, max-image-preview:large, max-video-preview:-1\" \/>\n<link rel=\"canonical\" href=\"https:\/\/www.pymelegal.es\/noticias\/rgpd\/fecha-firmar-contratos-encargados-tratamiento-proteccion-de-datos\" \/>\n<meta property=\"og:locale\" content=\"ca_ES\" \/>\n<meta property=\"og:type\" content=\"article\" \/>\n<meta property=\"og:title\" content=\"Data l\u00edmit per signar els contractes amb els encarregats de tractament - PymeLegal\" \/>\n<meta property=\"og:description\" content=\"Com us avancem quan va entrar en vigor la nova normativa de protecci\u00f3 de dades, un dels aspectes que s&#8217;havia de tenir en compte era la signatura dels contractes d&#8217;Encarregat de Tractament. La norma va indicar que els contractes subscrits abans del 25 de maig de 2018 seguint amb l&#8217;indicat en l&#8217;article 12 de la ... Read more\" \/>\n<meta property=\"og:url\" content=\"https:\/\/www.pymelegal.es\/noticias\/rgpd\/fecha-firmar-contratos-encargados-tratamiento-proteccion-de-datos\" \/>\n<meta property=\"og:site_name\" content=\"PymeLegal\" \/>\n<meta property=\"article:published_time\" content=\"2022-04-20T16:40:16+00:00\" \/>\n<meta property=\"article:modified_time\" content=\"2022-04-21T14:01:48+00:00\" \/>\n<meta property=\"og:image\" content=\"https:\/\/www.pymelegal.es\/wp-content\/uploads\/2022\/04\/Firma-encargado-de-tratamiento.png\" \/>\n\t<meta property=\"og:image:width\" content=\"800\" \/>\n\t<meta property=\"og:image:height\" content=\"400\" \/>\n\t<meta property=\"og:image:type\" content=\"image\/png\" \/>\n<meta name=\"author\" content=\"PymeLegal\" \/>\n<meta name=\"twitter:card\" content=\"summary_large_image\" \/>\n<meta name=\"twitter:label1\" content=\"Escrit per\" \/>\n\t<meta name=\"twitter:data1\" content=\"PymeLegal\" \/>\n\t<meta name=\"twitter:label2\" content=\"Temps estimat de lectura\" \/>\n\t<meta name=\"twitter:data2\" content=\"4 minuts\" \/>\n<script type=\"application\/ld+json\" class=\"yoast-schema-graph\">{\"@context\":\"https:\\\/\\\/schema.org\",\"@graph\":[{\"@type\":\"Article\",\"@id\":\"https:\\\/\\\/www.pymelegal.es\\\/noticias\\\/rgpd\\\/fecha-firmar-contratos-encargados-tratamiento-proteccion-de-datos#article\",\"isPartOf\":{\"@id\":\"https:\\\/\\\/www.pymelegal.es\\\/noticias\\\/rgpd\\\/fecha-firmar-contratos-encargados-tratamiento-proteccion-de-datos\"},\"author\":{\"name\":\"PymeLegal\",\"@id\":\"https:\\\/\\\/www.pymelegal.es\\\/#\\\/schema\\\/person\\\/364442751b92f8a04fc5adde3be95c8f\"},\"headline\":\"Data l\u00edmit per signar els contractes amb els encarregats de tractament\",\"datePublished\":\"2022-04-20T16:40:16+00:00\",\"dateModified\":\"2022-04-21T14:01:48+00:00\",\"mainEntityOfPage\":{\"@id\":\"https:\\\/\\\/www.pymelegal.es\\\/noticias\\\/rgpd\\\/fecha-firmar-contratos-encargados-tratamiento-proteccion-de-datos\"},\"wordCount\":786,\"publisher\":{\"@id\":\"https:\\\/\\\/www.pymelegal.es\\\/#organization\"},\"image\":{\"@id\":\"https:\\\/\\\/www.pymelegal.es\\\/noticias\\\/rgpd\\\/fecha-firmar-contratos-encargados-tratamiento-proteccion-de-datos#primaryimage\"},\"thumbnailUrl\":\"https:\\\/\\\/www.pymelegal.es\\\/wp-content\\\/uploads\\\/2022\\\/04\\\/Firma-encargado-de-tratamiento.png\",\"keywords\":[\"encarregat de tractament\",\"privacy shield\",\"proteccio de dades\",\"RGPD\"],\"articleSection\":[\"RGPD\"],\"inLanguage\":\"ca\"},{\"@type\":\"WebPage\",\"@id\":\"https:\\\/\\\/www.pymelegal.es\\\/noticias\\\/rgpd\\\/fecha-firmar-contratos-encargados-tratamiento-proteccion-de-datos\",\"url\":\"https:\\\/\\\/www.pymelegal.es\\\/noticias\\\/rgpd\\\/fecha-firmar-contratos-encargados-tratamiento-proteccion-de-datos\",\"name\":\"Data l\u00edmit per signar els contractes amb els encarregats de tractament - PymeLegal\",\"isPartOf\":{\"@id\":\"https:\\\/\\\/www.pymelegal.es\\\/#website\"},\"primaryImageOfPage\":{\"@id\":\"https:\\\/\\\/www.pymelegal.es\\\/noticias\\\/rgpd\\\/fecha-firmar-contratos-encargados-tratamiento-proteccion-de-datos#primaryimage\"},\"image\":{\"@id\":\"https:\\\/\\\/www.pymelegal.es\\\/noticias\\\/rgpd\\\/fecha-firmar-contratos-encargados-tratamiento-proteccion-de-datos#primaryimage\"},\"thumbnailUrl\":\"https:\\\/\\\/www.pymelegal.es\\\/wp-content\\\/uploads\\\/2022\\\/04\\\/Firma-encargado-de-tratamiento.png\",\"datePublished\":\"2022-04-20T16:40:16+00:00\",\"dateModified\":\"2022-04-21T14:01:48+00:00\",\"breadcrumb\":{\"@id\":\"https:\\\/\\\/www.pymelegal.es\\\/noticias\\\/rgpd\\\/fecha-firmar-contratos-encargados-tratamiento-proteccion-de-datos#breadcrumb\"},\"inLanguage\":\"ca\",\"potentialAction\":[{\"@type\":\"ReadAction\",\"target\":[\"https:\\\/\\\/www.pymelegal.es\\\/noticias\\\/rgpd\\\/fecha-firmar-contratos-encargados-tratamiento-proteccion-de-datos\"]}]},{\"@type\":\"ImageObject\",\"inLanguage\":\"ca\",\"@id\":\"https:\\\/\\\/www.pymelegal.es\\\/noticias\\\/rgpd\\\/fecha-firmar-contratos-encargados-tratamiento-proteccion-de-datos#primaryimage\",\"url\":\"https:\\\/\\\/www.pymelegal.es\\\/wp-content\\\/uploads\\\/2022\\\/04\\\/Firma-encargado-de-tratamiento.png\",\"contentUrl\":\"https:\\\/\\\/www.pymelegal.es\\\/wp-content\\\/uploads\\\/2022\\\/04\\\/Firma-encargado-de-tratamiento.png\",\"width\":800,\"height\":400,\"caption\":\"Firma encargado de tratamiento\"},{\"@type\":\"BreadcrumbList\",\"@id\":\"https:\\\/\\\/www.pymelegal.es\\\/noticias\\\/rgpd\\\/fecha-firmar-contratos-encargados-tratamiento-proteccion-de-datos#breadcrumb\",\"itemListElement\":[{\"@type\":\"ListItem\",\"position\":1,\"name\":\"Portada\",\"item\":\"https:\\\/\\\/www.pymelegal.es\\\/\"},{\"@type\":\"ListItem\",\"position\":2,\"name\":\"Data l\u00edmit per signar els contractes amb els encarregats de tractament\"}]},{\"@type\":\"WebSite\",\"@id\":\"https:\\\/\\\/www.pymelegal.es\\\/#website\",\"url\":\"https:\\\/\\\/www.pymelegal.es\\\/\",\"name\":\"PymeLegal\",\"description\":\"Adaptaci\u00f3n LOPDGDD-RGPD-LSSICE\",\"publisher\":{\"@id\":\"https:\\\/\\\/www.pymelegal.es\\\/#organization\"},\"potentialAction\":[{\"@type\":\"SearchAction\",\"target\":{\"@type\":\"EntryPoint\",\"urlTemplate\":\"https:\\\/\\\/www.pymelegal.es\\\/?s={search_term_string}\"},\"query-input\":{\"@type\":\"PropertyValueSpecification\",\"valueRequired\":true,\"valueName\":\"search_term_string\"}}],\"inLanguage\":\"ca\"},{\"@type\":\"Organization\",\"@id\":\"https:\\\/\\\/www.pymelegal.es\\\/#organization\",\"name\":\"PymeLegal\",\"url\":\"https:\\\/\\\/www.pymelegal.es\\\/\",\"logo\":{\"@type\":\"ImageObject\",\"inLanguage\":\"ca\",\"@id\":\"https:\\\/\\\/www.pymelegal.es\\\/#\\\/schema\\\/logo\\\/image\\\/\",\"url\":\"https:\\\/\\\/www.pymelegal.es\\\/wp-content\\\/uploads\\\/2023\\\/03\\\/cropped-logo-pymelegal-10-anys-e1678286058678.png\",\"contentUrl\":\"https:\\\/\\\/www.pymelegal.es\\\/wp-content\\\/uploads\\\/2023\\\/03\\\/cropped-logo-pymelegal-10-anys-e1678286058678.png\",\"width\":2364,\"height\":694,\"caption\":\"PymeLegal\"},\"image\":{\"@id\":\"https:\\\/\\\/www.pymelegal.es\\\/#\\\/schema\\\/logo\\\/image\\\/\"}},{\"@type\":\"Person\",\"@id\":\"https:\\\/\\\/www.pymelegal.es\\\/#\\\/schema\\\/person\\\/364442751b92f8a04fc5adde3be95c8f\",\"name\":\"PymeLegal\",\"image\":{\"@type\":\"ImageObject\",\"inLanguage\":\"ca\",\"@id\":\"https:\\\/\\\/secure.gravatar.com\\\/avatar\\\/8114df484a5cd2738a02a5e9462b0881d50584495a20b6ddaeaa1841b1187017?s=96&d=mm&r=g\",\"url\":\"https:\\\/\\\/secure.gravatar.com\\\/avatar\\\/8114df484a5cd2738a02a5e9462b0881d50584495a20b6ddaeaa1841b1187017?s=96&d=mm&r=g\",\"contentUrl\":\"https:\\\/\\\/secure.gravatar.com\\\/avatar\\\/8114df484a5cd2738a02a5e9462b0881d50584495a20b6ddaeaa1841b1187017?s=96&d=mm&r=g\",\"caption\":\"PymeLegal\"}}]}<\/script>\n<!-- \/ Yoast SEO plugin. -->","yoast_head_json":{"title":"Data l\u00edmit per signar els contractes amb els encarregats de tractament - PymeLegal","robots":{"index":"index","follow":"follow","max-snippet":"max-snippet:-1","max-image-preview":"max-image-preview:large","max-video-preview":"max-video-preview:-1"},"canonical":"https:\/\/www.pymelegal.es\/noticias\/rgpd\/fecha-firmar-contratos-encargados-tratamiento-proteccion-de-datos","og_locale":"ca_ES","og_type":"article","og_title":"Data l\u00edmit per signar els contractes amb els encarregats de tractament - PymeLegal","og_description":"Com us avancem quan va entrar en vigor la nova normativa de protecci\u00f3 de dades, un dels aspectes que s&#8217;havia de tenir en compte era la signatura dels contractes d&#8217;Encarregat de Tractament. La norma va indicar que els contractes subscrits abans del 25 de maig de 2018 seguint amb l&#8217;indicat en l&#8217;article 12 de la ... Read more","og_url":"https:\/\/www.pymelegal.es\/noticias\/rgpd\/fecha-firmar-contratos-encargados-tratamiento-proteccion-de-datos","og_site_name":"PymeLegal","article_published_time":"2022-04-20T16:40:16+00:00","article_modified_time":"2022-04-21T14:01:48+00:00","og_image":[{"width":800,"height":400,"url":"https:\/\/www.pymelegal.es\/wp-content\/uploads\/2022\/04\/Firma-encargado-de-tratamiento.png","type":"image\/png"}],"author":"PymeLegal","twitter_card":"summary_large_image","twitter_misc":{"Escrit per":"PymeLegal","Temps estimat de lectura":"4 minuts"},"schema":{"@context":"https:\/\/schema.org","@graph":[{"@type":"Article","@id":"https:\/\/www.pymelegal.es\/noticias\/rgpd\/fecha-firmar-contratos-encargados-tratamiento-proteccion-de-datos#article","isPartOf":{"@id":"https:\/\/www.pymelegal.es\/noticias\/rgpd\/fecha-firmar-contratos-encargados-tratamiento-proteccion-de-datos"},"author":{"name":"PymeLegal","@id":"https:\/\/www.pymelegal.es\/#\/schema\/person\/364442751b92f8a04fc5adde3be95c8f"},"headline":"Data l\u00edmit per signar els contractes amb els encarregats de tractament","datePublished":"2022-04-20T16:40:16+00:00","dateModified":"2022-04-21T14:01:48+00:00","mainEntityOfPage":{"@id":"https:\/\/www.pymelegal.es\/noticias\/rgpd\/fecha-firmar-contratos-encargados-tratamiento-proteccion-de-datos"},"wordCount":786,"publisher":{"@id":"https:\/\/www.pymelegal.es\/#organization"},"image":{"@id":"https:\/\/www.pymelegal.es\/noticias\/rgpd\/fecha-firmar-contratos-encargados-tratamiento-proteccion-de-datos#primaryimage"},"thumbnailUrl":"https:\/\/www.pymelegal.es\/wp-content\/uploads\/2022\/04\/Firma-encargado-de-tratamiento.png","keywords":["encarregat de tractament","privacy shield","proteccio de dades","RGPD"],"articleSection":["RGPD"],"inLanguage":"ca"},{"@type":"WebPage","@id":"https:\/\/www.pymelegal.es\/noticias\/rgpd\/fecha-firmar-contratos-encargados-tratamiento-proteccion-de-datos","url":"https:\/\/www.pymelegal.es\/noticias\/rgpd\/fecha-firmar-contratos-encargados-tratamiento-proteccion-de-datos","name":"Data l\u00edmit per signar els contractes amb els encarregats de tractament - PymeLegal","isPartOf":{"@id":"https:\/\/www.pymelegal.es\/#website"},"primaryImageOfPage":{"@id":"https:\/\/www.pymelegal.es\/noticias\/rgpd\/fecha-firmar-contratos-encargados-tratamiento-proteccion-de-datos#primaryimage"},"image":{"@id":"https:\/\/www.pymelegal.es\/noticias\/rgpd\/fecha-firmar-contratos-encargados-tratamiento-proteccion-de-datos#primaryimage"},"thumbnailUrl":"https:\/\/www.pymelegal.es\/wp-content\/uploads\/2022\/04\/Firma-encargado-de-tratamiento.png","datePublished":"2022-04-20T16:40:16+00:00","dateModified":"2022-04-21T14:01:48+00:00","breadcrumb":{"@id":"https:\/\/www.pymelegal.es\/noticias\/rgpd\/fecha-firmar-contratos-encargados-tratamiento-proteccion-de-datos#breadcrumb"},"inLanguage":"ca","potentialAction":[{"@type":"ReadAction","target":["https:\/\/www.pymelegal.es\/noticias\/rgpd\/fecha-firmar-contratos-encargados-tratamiento-proteccion-de-datos"]}]},{"@type":"ImageObject","inLanguage":"ca","@id":"https:\/\/www.pymelegal.es\/noticias\/rgpd\/fecha-firmar-contratos-encargados-tratamiento-proteccion-de-datos#primaryimage","url":"https:\/\/www.pymelegal.es\/wp-content\/uploads\/2022\/04\/Firma-encargado-de-tratamiento.png","contentUrl":"https:\/\/www.pymelegal.es\/wp-content\/uploads\/2022\/04\/Firma-encargado-de-tratamiento.png","width":800,"height":400,"caption":"Firma encargado de tratamiento"},{"@type":"BreadcrumbList","@id":"https:\/\/www.pymelegal.es\/noticias\/rgpd\/fecha-firmar-contratos-encargados-tratamiento-proteccion-de-datos#breadcrumb","itemListElement":[{"@type":"ListItem","position":1,"name":"Portada","item":"https:\/\/www.pymelegal.es\/"},{"@type":"ListItem","position":2,"name":"Data l\u00edmit per signar els contractes amb els encarregats de tractament"}]},{"@type":"WebSite","@id":"https:\/\/www.pymelegal.es\/#website","url":"https:\/\/www.pymelegal.es\/","name":"PymeLegal","description":"Adaptaci\u00f3n LOPDGDD-RGPD-LSSICE","publisher":{"@id":"https:\/\/www.pymelegal.es\/#organization"},"potentialAction":[{"@type":"SearchAction","target":{"@type":"EntryPoint","urlTemplate":"https:\/\/www.pymelegal.es\/?s={search_term_string}"},"query-input":{"@type":"PropertyValueSpecification","valueRequired":true,"valueName":"search_term_string"}}],"inLanguage":"ca"},{"@type":"Organization","@id":"https:\/\/www.pymelegal.es\/#organization","name":"PymeLegal","url":"https:\/\/www.pymelegal.es\/","logo":{"@type":"ImageObject","inLanguage":"ca","@id":"https:\/\/www.pymelegal.es\/#\/schema\/logo\/image\/","url":"https:\/\/www.pymelegal.es\/wp-content\/uploads\/2023\/03\/cropped-logo-pymelegal-10-anys-e1678286058678.png","contentUrl":"https:\/\/www.pymelegal.es\/wp-content\/uploads\/2023\/03\/cropped-logo-pymelegal-10-anys-e1678286058678.png","width":2364,"height":694,"caption":"PymeLegal"},"image":{"@id":"https:\/\/www.pymelegal.es\/#\/schema\/logo\/image\/"}},{"@type":"Person","@id":"https:\/\/www.pymelegal.es\/#\/schema\/person\/364442751b92f8a04fc5adde3be95c8f","name":"PymeLegal","image":{"@type":"ImageObject","inLanguage":"ca","@id":"https:\/\/secure.gravatar.com\/avatar\/8114df484a5cd2738a02a5e9462b0881d50584495a20b6ddaeaa1841b1187017?s=96&d=mm&r=g","url":"https:\/\/secure.gravatar.com\/avatar\/8114df484a5cd2738a02a5e9462b0881d50584495a20b6ddaeaa1841b1187017?s=96&d=mm&r=g","contentUrl":"https:\/\/secure.gravatar.com\/avatar\/8114df484a5cd2738a02a5e9462b0881d50584495a20b6ddaeaa1841b1187017?s=96&d=mm&r=g","caption":"PymeLegal"}}]}},"_links":{"self":[{"href":"https:\/\/www.pymelegal.es\/ca\/wp-json\/wp\/v2\/posts\/10466","targetHints":{"allow":["GET"]}}],"collection":[{"href":"https:\/\/www.pymelegal.es\/ca\/wp-json\/wp\/v2\/posts"}],"about":[{"href":"https:\/\/www.pymelegal.es\/ca\/wp-json\/wp\/v2\/types\/post"}],"author":[{"embeddable":true,"href":"https:\/\/www.pymelegal.es\/ca\/wp-json\/wp\/v2\/users\/3"}],"replies":[{"embeddable":true,"href":"https:\/\/www.pymelegal.es\/ca\/wp-json\/wp\/v2\/comments?post=10466"}],"version-history":[{"count":6,"href":"https:\/\/www.pymelegal.es\/ca\/wp-json\/wp\/v2\/posts\/10466\/revisions"}],"predecessor-version":[{"id":10475,"href":"https:\/\/www.pymelegal.es\/ca\/wp-json\/wp\/v2\/posts\/10466\/revisions\/10475"}],"wp:featuredmedia":[{"embeddable":true,"href":"https:\/\/www.pymelegal.es\/ca\/wp-json\/wp\/v2\/media\/10447"}],"wp:attachment":[{"href":"https:\/\/www.pymelegal.es\/ca\/wp-json\/wp\/v2\/media?parent=10466"}],"wp:term":[{"taxonomy":"category","embeddable":true,"href":"https:\/\/www.pymelegal.es\/ca\/wp-json\/wp\/v2\/categories?post=10466"},{"taxonomy":"post_tag","embeddable":true,"href":"https:\/\/www.pymelegal.es\/ca\/wp-json\/wp\/v2\/tags?post=10466"}],"curies":[{"name":"wp","href":"https:\/\/api.w.org\/{rel}","templated":true}]}}